{"id":58079,"date":"2025-08-26T14:41:59","date_gmt":"2025-08-26T12:41:59","guid":{"rendered":"https:\/\/www.bolzonelladivise.com\/?p=58079"},"modified":"2025-08-26T15:14:41","modified_gmt":"2025-08-26T13:14:41","slug":"vestibilita-professionale-guida-alla-scelta-delle-divise-da-lavoro-eleganti","status":"publish","type":"post","link":"https:\/\/www.bolzonelladivise.com\/it\/vestibilita-professionale-guida-alla-scelta-delle-divise-da-lavoro-eleganti\/","title":{"rendered":"Vestibilit\u00e0 professionale: guida alla scelta delle divise da lavoro eleganti"},"content":{"rendered":"\t\t<div data-elementor-type=\"wp-post\" data-elementor-id=\"58079\" class=\"elementor elementor-58079\" data-elementor-post-type=\"post\">\n\t\t\t\t\t\t<section class=\"elementor-section elementor-top-section elementor-element elementor-element-8c35852 elementor-section-boxed elementor-section-height-default elementor-section-height-default\" data-id=\"8c35852\" data-element_type=\"section\">\n\t\t\t\t\t\t<div class=\"elementor-container elementor-column-gap-default\">\n\t\t\t\t\t<div class=\"elementor-column elementor-col-100 elementor-top-column elementor-element elementor-element-3d01f9b\" data-id=\"3d01f9b\" data-element_type=\"column\">\n\t\t\t<div class=\"elementor-widget-wrap elementor-element-populated\">\n\t\t\t\t\t\t<div class=\"elementor-element elementor-element-6a36bb9 elementor-widget elementor-widget-image\" data-id=\"6a36bb9\" data-element_type=\"widget\" data-widget_type=\"image.default\">\n\t\t\t\t<div class=\"elementor-widget-container\">\n\t\t\t\t\t\t\t\t\t\t\t\t\t\t\t<img fetchpriority=\"high\" decoding=\"async\" width=\"1920\" height=\"1137\" src=\"https:\/\/www.bolzonelladivise.com\/wp-content\/uploads\/Copertina-Vestibilita.jpg\" class=\"attachment-full size-full wp-image-58091\" alt=\"Copertina Vestibilit\u00e0\" srcset=\"https:\/\/www.bolzonelladivise.com\/wp-content\/uploads\/Copertina-Vestibilita.jpg 1920w, https:\/\/www.bolzonelladivise.com\/wp-content\/uploads\/Copertina-Vestibilita-300x178.jpg 300w, https:\/\/www.bolzonelladivise.com\/wp-content\/uploads\/Copertina-Vestibilita-1824x1080.jpg 1824w, https:\/\/www.bolzonelladivise.com\/wp-content\/uploads\/Copertina-Vestibilita-150x89.jpg 150w, https:\/\/www.bolzonelladivise.com\/wp-content\/uploads\/Copertina-Vestibilita-768x455.jpg 768w, https:\/\/www.bolzonelladivise.com\/wp-content\/uploads\/Copertina-Vestibilita-1536x910.jpg 1536w, https:\/\/www.bolzonelladivise.com\/wp-content\/uploads\/Copertina-Vestibilita-800x474.jpg 800w\" sizes=\"(max-width: 1920px) 100vw, 1920px\" \/>\t\t\t\t\t\t\t\t\t\t\t\t\t\t\t<\/div>\n\t\t\t\t<\/div>\n\t\t\t\t<div class=\"elementor-element elementor-element-67042b6 elementor-widget elementor-widget-heading\" data-id=\"67042b6\" data-element_type=\"widget\" data-widget_type=\"heading.default\">\n\t\t\t\t<div class=\"elementor-widget-container\">\n\t\t\t\t\t<h1 class=\"elementor-heading-title elementor-size-default\">Vestibilit\u00e0 professionale: guida alla scelta delle divise da lavoro eleganti\n<\/h1>\t\t\t\t<\/div>\n\t\t\t\t<\/div>\n\t\t\t\t\t<\/div>\n\t\t<\/div>\n\t\t\t\t\t<\/div>\n\t\t<\/section>\n\t\t\t\t<section class=\"elementor-section elementor-top-section elementor-element elementor-element-c9aa818 elementor-section-boxed elementor-section-height-default elementor-section-height-default\" data-id=\"c9aa818\" data-element_type=\"section\">\n\t\t\t\t\t\t<div class=\"elementor-container elementor-column-gap-default\">\n\t\t\t\t\t<div class=\"elementor-column elementor-col-100 elementor-top-column elementor-element elementor-element-d14b57c\" data-id=\"d14b57c\" data-element_type=\"column\">\n\t\t\t<div class=\"elementor-widget-wrap elementor-element-populated\">\n\t\t\t\t\t\t<div class=\"elementor-element elementor-element-7493746 elementor-widget elementor-widget-text-editor\" data-id=\"7493746\" data-element_type=\"widget\" data-widget_type=\"text-editor.default\">\n\t\t\t\t<div class=\"elementor-widget-container\">\n\t\t\t\t\t\t\t\t\t<p><span style=\"font-weight: 400;\">Nel mondo delle <\/span><b>divise da lavoro<\/b><span style=\"font-weight: 400;\">, la <\/span><b>vestibilit\u00e0 <\/b><span style=\"font-weight: 400;\">non \u00e8 una semplice questione estetica: \u00e8 un elemento chiave per garantire <\/span><b>comfort, professionalit\u00e0 e sicurezza. <\/b><span style=\"font-weight: 400;\">Una divisa ben tagliata trasmette autorevolezza, valorizza l\u2019immagine aziendale e permette a chi la indossa di affrontare la giornata lavorativa con sicurezza e praticit\u00e0.<\/span><\/p><p><span style=\"font-weight: 400;\">Ma cosa significa davvero vestibilit\u00e0? E come scegliere quella giusta in base al contesto e alla funzione della divisa?<\/span><\/p>\t\t\t\t\t\t\t\t<\/div>\n\t\t\t\t<\/div>\n\t\t\t\t<div class=\"elementor-element elementor-element-7b0c264 elementor-widget elementor-widget-heading\" data-id=\"7b0c264\" data-element_type=\"widget\" data-widget_type=\"heading.default\">\n\t\t\t\t<div class=\"elementor-widget-container\">\n\t\t\t\t\t<h2 class=\"elementor-heading-title elementor-size-default\">Che cos\u2019\u00e8 la vestibilit\u00e0?<\/h2>\t\t\t\t<\/div>\n\t\t\t\t<\/div>\n\t\t\t\t<div class=\"elementor-element elementor-element-a734a26 elementor-widget elementor-widget-text-editor\" data-id=\"a734a26\" data-element_type=\"widget\" data-widget_type=\"text-editor.default\">\n\t\t\t\t<div class=\"elementor-widget-container\">\n\t\t\t\t\t\t\t\t\t<p><span style=\"font-weight: 400;\">La vestibilit\u00e0 indica come un capo si adatta al corpo, in base al rapporto tra le dimensioni dell\u2019indumento e quelle della persona che lo indossa.<\/span><\/p><p><span style=\"font-weight: 400;\">Non si tratta quindi solo di \u201ctaglia\u201d, ma di un insieme di fattori che determinano l\u2019armonia e la funzionalit\u00e0 dell\u2019indumento.<\/span><\/p><p><span style=\"font-weight: 400;\">I margini della vestibilit\u00e0, ovvero quanto il capo \u201clascia respirare\u201d il corpo, dipendono da diversi elementi:<\/span><\/p><ul><li style=\"font-weight: 400;\" aria-level=\"1\"><b>Funzione del capo<\/b><span style=\"font-weight: 400;\">: un indumento pensato per lavori manuali richiede maggiore agio; per ruoli rappresentativi o a contatto col pubblico, la linea pu\u00f2 essere pi\u00f9 asciutta.<\/span><\/li><li style=\"font-weight: 400;\" aria-level=\"1\"><b>Tipo di vestibilit\u00e0 progettata<\/b><span style=\"font-weight: 400;\">: slim, regular o comfort (vedremo in seguito le differenze).<\/span><\/li><li style=\"font-weight: 400;\" aria-level=\"1\"><b>Tipo di tessuto<\/b><span style=\"font-weight: 400;\">: materiali elasticizzati richiedono meno margine rispetto ai tessuti rigidi.<\/span><\/li><li style=\"font-weight: 400;\" aria-level=\"1\"><b>Clima e stagionalit\u00e0<\/b><span style=\"font-weight: 400;\">: i capi invernali prevedono pi\u00f9 spazio per la stratificazione, mentre quelli estivi devono agevolare la traspirazione.<\/span><\/li><li style=\"font-weight: 400;\" aria-level=\"1\"><b>Tendenze moda<\/b><span style=\"font-weight: 400;\">: anche lo stile e il gusto del momento influenzano la silhouette delle divise.<\/span><\/li><\/ul>\t\t\t\t\t\t\t\t<\/div>\n\t\t\t\t<\/div>\n\t\t\t\t<div class=\"elementor-element elementor-element-7b44efb elementor-widget elementor-widget-heading\" data-id=\"7b44efb\" data-element_type=\"widget\" data-widget_type=\"heading.default\">\n\t\t\t\t<div class=\"elementor-widget-container\">\n\t\t\t\t\t<h2 class=\"elementor-heading-title elementor-size-default\">Perch\u00e9 la vestibilit\u00e0 \u00e8 importante nel lavoro<\/h2>\t\t\t\t<\/div>\n\t\t\t\t<\/div>\n\t\t\t\t<div class=\"elementor-element elementor-element-a2ac433 elementor-widget elementor-widget-text-editor\" data-id=\"a2ac433\" data-element_type=\"widget\" data-widget_type=\"text-editor.default\">\n\t\t\t\t<div class=\"elementor-widget-container\">\n\t\t\t\t\t\t\t\t\t<p><span style=\"font-weight: 400;\">Scegliere la giusta vestibilit\u00e0 nelle divise non \u00e8 solo una questione di stile. Ha conseguenze concrete su:<\/span><\/p><ul><li style=\"font-weight: 400;\" aria-level=\"1\"><b>Libert\u00e0 di movimento<\/b><span style=\"font-weight: 400;\">: un capo non deve limitare i gesti n\u00e9 intralciare l\u2019attivit\u00e0, ma accompagnare il corpo in modo naturale.<\/span><\/li><li style=\"font-weight: 400;\" aria-level=\"1\"><b>Sicurezza<\/b><span style=\"font-weight: 400;\">: una divisa troppo larga pu\u00f2 aumentare i rischi di impigliarsi, una troppo stretta pu\u00f2 limitare la mobilit\u00e0. L\u2019equilibrio giusto riduce incidenti e fastidi.<\/span><\/li><li style=\"font-weight: 400;\" aria-level=\"1\"><b>Comfort quotidiano<\/b><span style=\"font-weight: 400;\">: un indumento ben calzato rimane confortevole anche dopo molte ore di utilizzo.<\/span><\/li><li style=\"font-weight: 400;\" aria-level=\"1\"><b>Immagine professionale<\/b><span style=\"font-weight: 400;\">: una divisa che veste bene migliora la percezione dell\u2019azienda, rafforza l\u2019identit\u00e0 del personale e trasmette attenzione ai dettagli.<\/span><\/li><\/ul>\t\t\t\t\t\t\t\t<\/div>\n\t\t\t\t<\/div>\n\t\t\t\t<div class=\"elementor-element elementor-element-beb2a56 elementor-widget elementor-widget-heading\" data-id=\"beb2a56\" data-element_type=\"widget\" data-widget_type=\"heading.default\">\n\t\t\t\t<div class=\"elementor-widget-container\">\n\t\t\t\t\t<h2 class=\"elementor-heading-title elementor-size-default\">Le principali tipologie di vestibilit\u00e0: slim, regular o comfort?<\/h2>\t\t\t\t<\/div>\n\t\t\t\t<\/div>\n\t\t\t\t<div class=\"elementor-element elementor-element-285b45f elementor-widget elementor-widget-text-editor\" data-id=\"285b45f\" data-element_type=\"widget\" data-widget_type=\"text-editor.default\">\n\t\t\t\t<div class=\"elementor-widget-container\">\n\t\t\t\t\t\t\t\t\t<p><span style=\"font-weight: 400;\">Ogni tipologia di vestibilit\u00e0 ha un ruolo preciso:<\/span><\/p>\t\t\t\t\t\t\t\t<\/div>\n\t\t\t\t<\/div>\n\t\t\t\t<div class=\"elementor-element elementor-element-b21cdd3 elementor-widget elementor-widget-text-editor\" data-id=\"b21cdd3\" data-element_type=\"widget\" data-widget_type=\"text-editor.default\">\n\t\t\t\t<div class=\"elementor-widget-container\">\n\t\t\t\t\t\t\t\t\t<h4><b><img decoding=\"async\" class=\"wp-image-58106 alignleft\" title=\"Slim Fit\" src=\"https:\/\/www.bolzonelladivise.com\/wp-content\/uploads\/Slim-Fit.png\" alt=\"Slim Fit\" width=\"200\" height=\"135\" srcset=\"https:\/\/www.bolzonelladivise.com\/wp-content\/uploads\/Slim-Fit.png 300w, https:\/\/www.bolzonelladivise.com\/wp-content\/uploads\/Slim-Fit-150x102.png 150w\" sizes=\"(max-width: 200px) 100vw, 200px\" \/>Slim fit (attillata)<\/b><\/h4>\n<p><span style=\"font-weight: 400;\">\u00c8 una vestibilit\u00e0 aderente al corpo, molto ricercata per il look moderno, ordinato ed elegante che conferisce. Ideale per ambienti formali, reception, hospitality e contesti a forte contatto col pubblico. Garantisce uno stile impeccabile, ma offre meno libert\u00e0 di movimento.<\/span><\/p>\t\t\t\t\t\t\t\t<\/div>\n\t\t\t\t<\/div>\n\t\t\t\t<div class=\"elementor-element elementor-element-da3ed07 elementor-widget elementor-widget-text-editor\" data-id=\"da3ed07\" data-element_type=\"widget\" data-widget_type=\"text-editor.default\">\n\t\t\t\t<div class=\"elementor-widget-container\">\n\t\t\t\t\t\t\t\t\t<p><img decoding=\"async\" class=\"wp-image-58101 alignleft\" title=\"Regular Fit\" src=\"https:\/\/www.bolzonelladivise.com\/wp-content\/uploads\/Regular-Fit-150x102.png\" alt=\"Regular Fit\" width=\"200\" height=\"136\" srcset=\"https:\/\/www.bolzonelladivise.com\/wp-content\/uploads\/Regular-Fit-150x102.png 150w, https:\/\/www.bolzonelladivise.com\/wp-content\/uploads\/Regular-Fit-300x203.png 300w, https:\/\/www.bolzonelladivise.com\/wp-content\/uploads\/Regular-Fit.png 400w\" sizes=\"(max-width: 200px) 100vw, 200px\" \/><\/p>\n<h4><b>Regular fit (classica)<\/b><\/h4>\n<p><span style=\"font-weight: 400;\">Linea dritta e bilanciata, senza eccessi. \u00c8 la pi\u00f9 versatile perch\u00e9 combina comfort e professionalit\u00e0. Perfetta per contesti misti, dove \u00e8 importante avere un aspetto elegante ma anche pratico.<\/span><\/p>\t\t\t\t\t\t\t\t<\/div>\n\t\t\t\t<\/div>\n\t\t\t\t<div class=\"elementor-element elementor-element-a92adce elementor-widget elementor-widget-text-editor\" data-id=\"a92adce\" data-element_type=\"widget\" data-widget_type=\"text-editor.default\">\n\t\t\t\t<div class=\"elementor-widget-container\">\n\t\t\t\t\t\t\t\t\t<p><img loading=\"lazy\" decoding=\"async\" class=\"wp-image-58109 alignleft\" title=\"Comfort fit\" src=\"https:\/\/www.bolzonelladivise.com\/wp-content\/uploads\/Comfort-fit.png\" alt=\"Comfort fit\" width=\"200\" height=\"135\" srcset=\"https:\/\/www.bolzonelladivise.com\/wp-content\/uploads\/Comfort-fit.png 300w, https:\/\/www.bolzonelladivise.com\/wp-content\/uploads\/Comfort-fit-150x102.png 150w\" sizes=\"(max-width: 200px) 100vw, 200px\" \/><\/p>\n<h4><b>Comfort fit (ampia)<\/b><\/h4>\n<p><span style=\"font-weight: 400;\">Vestibilit\u00e0 pi\u00f9 generosa, con ampio margine di movimento. Ottima in ambienti dinamici, in presenza di alte temperature o per attivit\u00e0 che richiedono grande mobilit\u00e0. Pi\u00f9 diffusa nei settori tecnici, ma utilizzabile anche in aziende che prediligono un approccio pi\u00f9 funzionale.<\/span><\/p>\t\t\t\t\t\t\t\t<\/div>\n\t\t\t\t<\/div>\n\t\t\t\t<div class=\"elementor-element elementor-element-a99be91 elementor-widget elementor-widget-heading\" data-id=\"a99be91\" data-element_type=\"widget\" data-widget_type=\"heading.default\">\n\t\t\t\t<div class=\"elementor-widget-container\">\n\t\t\t\t\t<h2 class=\"elementor-heading-title elementor-size-default\">Come scegliere la vestibilit\u00e0 giusta<\/h2>\t\t\t\t<\/div>\n\t\t\t\t<\/div>\n\t\t\t\t<div class=\"elementor-element elementor-element-46af7bd elementor-widget elementor-widget-text-editor\" data-id=\"46af7bd\" data-element_type=\"widget\" data-widget_type=\"text-editor.default\">\n\t\t\t\t<div class=\"elementor-widget-container\">\n\t\t\t\t\t\t\t\t\t<p><span style=\"font-weight: 400;\">La corretta vestibilit\u00e0 nasce dall\u2019equilibrio tra <\/span><b>morfologia del lavoratore, funzione del capo e ambiente operativo<\/b><span style=\"font-weight: 400;\">.<\/span><span style=\"font-weight: 400;\"><br \/><\/span><span style=\"font-weight: 400;\">Prima di scegliere, considera:<\/span><\/p><ul><li style=\"font-weight: 400;\" aria-level=\"1\"><b>Fisicit\u00e0<\/b><span style=\"font-weight: 400;\">: la divisa deve garantire libert\u00e0 nei movimenti, valorizzare la silhouette e mantenere comfort anche dopo molte ore.<\/span><\/li><li style=\"font-weight: 400;\" aria-level=\"1\"><b>Attivit\u00e0 svolta<\/b><span style=\"font-weight: 400;\">: per ruoli operativi serve maggiore agio, per ruoli di rappresentanza linee pi\u00f9 asciutte.<\/span><\/li><li style=\"font-weight: 400;\" aria-level=\"1\"><b>Contesto ambientale<\/b><span style=\"font-weight: 400;\">: in spazi stretti o vicino a macchinari meglio evitare volumi troppo ampi; in ambienti caldi servono tessuti leggeri e traspiranti.<\/span><\/li><\/ul><p><span style=\"font-weight: 400;\">Domandati sempre:<\/span><\/p><ol><li style=\"font-weight: 400;\" aria-level=\"1\"><span style=\"font-weight: 400;\">Qual \u00e8 la mia conformazione fisica?<\/span><\/li><li style=\"font-weight: 400;\" aria-level=\"1\"><span style=\"font-weight: 400;\">Di quale libert\u00e0 di movimento ho bisogno per lavorare al meglio?<\/span><\/li><li style=\"font-weight: 400;\" aria-level=\"1\"><span style=\"font-weight: 400;\">In quali condizioni ambientali utilizzer\u00f2 la divisa?<\/span><\/li><\/ol>\t\t\t\t\t\t\t\t<\/div>\n\t\t\t\t<\/div>\n\t\t\t\t<div class=\"elementor-element elementor-element-c755706 elementor-widget elementor-widget-heading\" data-id=\"c755706\" data-element_type=\"widget\" data-widget_type=\"heading.default\">\n\t\t\t\t<div class=\"elementor-widget-container\">\n\t\t\t\t\t<h2 class=\"elementor-heading-title elementor-size-default\">La vestibilit\u00e0 come fattore di benessere aziendale<\/h2>\t\t\t\t<\/div>\n\t\t\t\t<\/div>\n\t\t\t\t<div class=\"elementor-element elementor-element-3919e34 elementor-widget elementor-widget-text-editor\" data-id=\"3919e34\" data-element_type=\"widget\" data-widget_type=\"text-editor.default\">\n\t\t\t\t<div class=\"elementor-widget-container\">\n\t\t\t\t\t\t\t\t\t<p><img loading=\"lazy\" decoding=\"async\" class=\"alignright wp-image-58120 size-medium\" title=\"Vestibilit\u00e0 gruppo\" src=\"https:\/\/www.bolzonelladivise.com\/wp-content\/uploads\/Vestibilita-gruppo-300x300.jpg\" alt=\"Vestibilit\u00e0 gruppo\" width=\"300\" height=\"300\" srcset=\"https:\/\/www.bolzonelladivise.com\/wp-content\/uploads\/Vestibilita-gruppo-300x300.jpg 300w, https:\/\/www.bolzonelladivise.com\/wp-content\/uploads\/Vestibilita-gruppo-1080x1080.jpg 1080w, https:\/\/www.bolzonelladivise.com\/wp-content\/uploads\/Vestibilita-gruppo-150x150.jpg 150w, https:\/\/www.bolzonelladivise.com\/wp-content\/uploads\/Vestibilita-gruppo-768x768.jpg 768w, https:\/\/www.bolzonelladivise.com\/wp-content\/uploads\/Vestibilita-gruppo-1536x1536.jpg 1536w, https:\/\/www.bolzonelladivise.com\/wp-content\/uploads\/Vestibilita-gruppo-800x800.jpg 800w, https:\/\/www.bolzonelladivise.com\/wp-content\/uploads\/Vestibilita-gruppo-100x100.jpg 100w, https:\/\/www.bolzonelladivise.com\/wp-content\/uploads\/Vestibilita-gruppo.jpg 2048w\" sizes=\"(max-width: 300px) 100vw, 300px\" \/><\/p>\n<p><span style=\"font-weight: 400;\">Una divisa elegante non deve limitarsi a rappresentare il brand: deve anche contribuire al benessere delle persone che la indossano ogni giorno. Un abbigliamento studiato con la giusta vestibilit\u00e0 riduce lo stress fisico, migliora la concentrazione e rende pi\u00f9 piacevole l\u2019esperienza lavorativa.<\/span><\/p>\n<p><span style=\"font-weight: 400;\">Dipendenti che si sentono a proprio agio nelle divise lavorano con maggiore serenit\u00e0, sviluppano un atteggiamento pi\u00f9 positivo verso il cliente e trasmettono un\u2019immagine pi\u00f9 curata e professionale.<\/span><\/p>\n<p><span style=\"font-weight: 400;\">In questo senso, la vestibilit\u00e0 non \u00e8 solo un dettaglio tecnico, ma un vero e proprio <\/span><b>investimento nel capitale umano<\/b><span style=\"font-weight: 400;\"> dell\u2019azienda.<\/span><\/p>\t\t\t\t\t\t\t\t<\/div>\n\t\t\t\t<\/div>\n\t\t\t\t<div class=\"elementor-element elementor-element-35e2e99 elementor-widget elementor-widget-heading\" data-id=\"35e2e99\" data-element_type=\"widget\" data-widget_type=\"heading.default\">\n\t\t\t\t<div class=\"elementor-widget-container\">\n\t\t\t\t\t<h2 class=\"elementor-heading-title elementor-size-default\">I trucchi di Bolzonella Divise per non sbagliare taglia<\/h2>\t\t\t\t<\/div>\n\t\t\t\t<\/div>\n\t\t\t\t<div class=\"elementor-element elementor-element-4796311 elementor-widget elementor-widget-text-editor\" data-id=\"4796311\" data-element_type=\"widget\" data-widget_type=\"text-editor.default\">\n\t\t\t\t<div class=\"elementor-widget-container\">\n\t\t\t\t\t\t\t\t\t<p><span style=\"font-weight: 400;\">Quando si acquistano indumenti senza prova diretta, il rischio di sbagliare misura \u00e8 alto. Per questo Bolzonella Divise ha selezionato alcuni <\/span><b>metodi pratici per verificare velocemente la taglia<\/b><span style=\"font-weight: 400;\"> di pantaloni o jeans:<\/span><\/p><ul><li><b>Metodo del collo<\/b><span style=\"font-weight: 400;\">: avvolgi la fascia della vita del pantalone attorno al collo; se i bordi si sovrappongono leggermente, \u00e8 la tua taglia.<\/span><\/li><li><b>Metodo del braccio<\/b><span style=\"font-weight: 400;\">: la circonferenza del girovita corrisponde circa alla distanza tra gomito e pugno.<\/span><\/li><li><b>Metodo dell\u2019ombelico<\/b><span style=\"font-weight: 400;\">: appoggia un bordo della vita sul punto dell\u2019ombelico; se l\u2019altro bordo arriva alla spina dorsale, il pantalone veste correttamente.<\/span><\/li><\/ul>\t\t\t\t\t\t\t\t<\/div>\n\t\t\t\t<\/div>\n\t\t\t\t<div class=\"elementor-element elementor-element-7d2c007 elementor-widget elementor-widget-heading\" data-id=\"7d2c007\" data-element_type=\"widget\" data-widget_type=\"heading.default\">\n\t\t\t\t<div class=\"elementor-widget-container\">\n\t\t\t\t\t<h2 class=\"elementor-heading-title elementor-size-default\">Vestibilit\u00e0 garantita con Bolzonella Divise<\/h2>\t\t\t\t<\/div>\n\t\t\t\t<\/div>\n\t\t\t\t<div class=\"elementor-element elementor-element-1fe1f47 elementor-widget elementor-widget-text-editor\" data-id=\"1fe1f47\" data-element_type=\"widget\" data-widget_type=\"text-editor.default\">\n\t\t\t\t<div class=\"elementor-widget-container\">\n\t\t\t\t\t\t\t\t\t<p><span style=\"font-weight: 400;\">La nostra collezione copre il <\/span><b>96% delle fisionomie<\/b><span style=\"font-weight: 400;\"> grazie a una vestibilit\u00e0 studiata nei minimi dettagli, che unisce <\/span><b>eleganza, comfort e funzionalit\u00e0<\/b><span style=\"font-weight: 400;\"> senza compromessi.<\/span><\/p><p><span style=\"font-weight: 400;\">Scopri le nostre collezioni e semplifica la scelta delle tue divise aziendali con stile, comfort e professionalit\u00e0.<\/span><\/p>\t\t\t\t\t\t\t\t<\/div>\n\t\t\t\t<\/div>\n\t\t\t\t\t<\/div>\n\t\t<\/div>\n\t\t\t\t\t<\/div>\n\t\t<\/section>\n\t\t\t\t<\/div>\n\t\t","protected":false},"excerpt":{"rendered":"<p>La vestibilit\u00e0 nelle divise da lavoro non \u00e8 solo una questione estetica, ma un elemento chiave per garantire comfort, sicurezza e immagine professionale. Scegliere la giusta vestibilit\u00e0 \u2013 slim, regular o comfort \u2013 significa valorizzare il personale, migliorare la concentrazione e ridurre i rischi sul lavoro. Una divisa ben tagliata trasmette professionalit\u00e0 e rafforza l\u2019identit\u00e0 aziendale, rendendo ogni team pi\u00f9 elegante e funzionale.<\/p>\n","protected":false},"author":1,"featured_media":58091,"comment_status":"closed","ping_status":"closed","sticky":false,"template":"elementor_theme","format":"standard","meta":{"footnotes":""},"categories":[1630,1631],"tags":[1636,1638],"class_list":["post-58079","post","type-post","status-publish","format-standard","has-post-thumbnail","hentry","category-consigli-sulle-divise-da-lavoro-da-bolzonella-divise","category-guida-divise-da-lavoro","tag-informazioni-su-divise-da-lavoro-eleganti","tag-immagine-aziendale-divise-eleganti"],"yoast_head":"<!-- This site is optimized with the Yoast SEO plugin v26.8 - https:\/\/yoast.com\/product\/yoast-seo-wordpress\/ -->\n<title>Vestibilit\u00e0 nelle divise da lavoro: guida completa alla scelta<\/title>\n<meta name=\"description\" content=\"Slim, regular o comfort? Bolzonella Divise ti guida alla scelta della vestibilit\u00e0 perfetta per divise eleganti e professionali.\" \/>\n<meta name=\"robots\" content=\"index, follow, max-snippet:-1, max-image-preview:large, max-video-preview:-1\" \/>\n<link rel=\"canonical\" href=\"https:\/\/www.bolzonelladivise.com\/it\/vestibilita-professionale-guida-alla-scelta-delle-divise-da-lavoro-eleganti\/\" \/>\n<meta property=\"og:locale\" content=\"it_IT\" \/>\n<meta property=\"og:type\" content=\"article\" \/>\n<meta property=\"og:title\" content=\"Vestibilit\u00e0 nelle divise da lavoro: guida completa alla scelta\" \/>\n<meta property=\"og:description\" content=\"Slim, regular o comfort? Bolzonella Divise ti guida alla scelta della vestibilit\u00e0 perfetta per divise eleganti e professionali.\" \/>\n<meta property=\"og:url\" content=\"https:\/\/www.bolzonelladivise.com\/it\/vestibilita-professionale-guida-alla-scelta-delle-divise-da-lavoro-eleganti\/\" \/>\n<meta property=\"og:site_name\" content=\"Bolzonella Divise\" \/>\n<meta property=\"article:published_time\" content=\"2025-08-26T12:41:59+00:00\" \/>\n<meta property=\"article:modified_time\" content=\"2025-08-26T13:14:41+00:00\" \/>\n<meta property=\"og:image\" content=\"https:\/\/www.bolzonelladivise.com\/wp-content\/uploads\/Copertina-Vestibilita.jpg\" \/>\n\t<meta property=\"og:image:width\" content=\"1920\" \/>\n\t<meta property=\"og:image:height\" content=\"1137\" \/>\n\t<meta property=\"og:image:type\" content=\"image\/jpeg\" \/>\n<meta name=\"author\" content=\"admin\" \/>\n<meta name=\"twitter:card\" content=\"summary_large_image\" \/>\n<meta name=\"twitter:label1\" content=\"Scritto da\" \/>\n\t<meta name=\"twitter:data1\" content=\"admin\" \/>\n\t<meta name=\"twitter:label2\" content=\"Tempo di lettura stimato\" \/>\n\t<meta name=\"twitter:data2\" content=\"6 minuti\" \/>\n<script type=\"application\/ld+json\" class=\"yoast-schema-graph\">{\"@context\":\"https:\/\/schema.org\",\"@graph\":[{\"@type\":\"Article\",\"@id\":\"https:\/\/www.bolzonelladivise.com\/it\/vestibilita-professionale-guida-alla-scelta-delle-divise-da-lavoro-eleganti\/#article\",\"isPartOf\":{\"@id\":\"https:\/\/www.bolzonelladivise.com\/it\/vestibilita-professionale-guida-alla-scelta-delle-divise-da-lavoro-eleganti\/\"},\"author\":{\"name\":\"admin\",\"@id\":\"https:\/\/www.bolzonelladivise.com\/it\/#\/schema\/person\/c0144000f2ce50366688e6862dcb1bc6\"},\"headline\":\"Vestibilit\u00e0 professionale: guida alla scelta delle divise da lavoro eleganti\",\"datePublished\":\"2025-08-26T12:41:59+00:00\",\"dateModified\":\"2025-08-26T13:14:41+00:00\",\"mainEntityOfPage\":{\"@id\":\"https:\/\/www.bolzonelladivise.com\/it\/vestibilita-professionale-guida-alla-scelta-delle-divise-da-lavoro-eleganti\/\"},\"wordCount\":826,\"image\":{\"@id\":\"https:\/\/www.bolzonelladivise.com\/it\/vestibilita-professionale-guida-alla-scelta-delle-divise-da-lavoro-eleganti\/#primaryimage\"},\"thumbnailUrl\":\"https:\/\/www.bolzonelladivise.com\/wp-content\/uploads\/Copertina-Vestibilita.jpg\",\"keywords\":[\"divise da lavoro eleganti\",\"immagine aziendale\"],\"articleSection\":[\"Consigli Bolzonella Divise\",\"Guide alla Divisa\"],\"inLanguage\":\"it-IT\"},{\"@type\":\"WebPage\",\"@id\":\"https:\/\/www.bolzonelladivise.com\/it\/vestibilita-professionale-guida-alla-scelta-delle-divise-da-lavoro-eleganti\/\",\"url\":\"https:\/\/www.bolzonelladivise.com\/it\/vestibilita-professionale-guida-alla-scelta-delle-divise-da-lavoro-eleganti\/\",\"name\":\"Vestibilit\u00e0 nelle divise da lavoro: guida completa alla scelta\",\"isPartOf\":{\"@id\":\"https:\/\/www.bolzonelladivise.com\/it\/#website\"},\"primaryImageOfPage\":{\"@id\":\"https:\/\/www.bolzonelladivise.com\/it\/vestibilita-professionale-guida-alla-scelta-delle-divise-da-lavoro-eleganti\/#primaryimage\"},\"image\":{\"@id\":\"https:\/\/www.bolzonelladivise.com\/it\/vestibilita-professionale-guida-alla-scelta-delle-divise-da-lavoro-eleganti\/#primaryimage\"},\"thumbnailUrl\":\"https:\/\/www.bolzonelladivise.com\/wp-content\/uploads\/Copertina-Vestibilita.jpg\",\"datePublished\":\"2025-08-26T12:41:59+00:00\",\"dateModified\":\"2025-08-26T13:14:41+00:00\",\"author\":{\"@id\":\"https:\/\/www.bolzonelladivise.com\/it\/#\/schema\/person\/c0144000f2ce50366688e6862dcb1bc6\"},\"description\":\"Slim, regular o comfort? Bolzonella Divise ti guida alla scelta della vestibilit\u00e0 perfetta per divise eleganti e professionali.\",\"breadcrumb\":{\"@id\":\"https:\/\/www.bolzonelladivise.com\/it\/vestibilita-professionale-guida-alla-scelta-delle-divise-da-lavoro-eleganti\/#breadcrumb\"},\"inLanguage\":\"it-IT\",\"potentialAction\":[{\"@type\":\"ReadAction\",\"target\":[\"https:\/\/www.bolzonelladivise.com\/it\/vestibilita-professionale-guida-alla-scelta-delle-divise-da-lavoro-eleganti\/\"]}]},{\"@type\":\"ImageObject\",\"inLanguage\":\"it-IT\",\"@id\":\"https:\/\/www.bolzonelladivise.com\/it\/vestibilita-professionale-guida-alla-scelta-delle-divise-da-lavoro-eleganti\/#primaryimage\",\"url\":\"https:\/\/www.bolzonelladivise.com\/wp-content\/uploads\/Copertina-Vestibilita.jpg\",\"contentUrl\":\"https:\/\/www.bolzonelladivise.com\/wp-content\/uploads\/Copertina-Vestibilita.jpg\",\"width\":1920,\"height\":1137,\"caption\":\"Copertina Vestibilit\u00e0\"},{\"@type\":\"BreadcrumbList\",\"@id\":\"https:\/\/www.bolzonelladivise.com\/it\/vestibilita-professionale-guida-alla-scelta-delle-divise-da-lavoro-eleganti\/#breadcrumb\",\"itemListElement\":[{\"@type\":\"ListItem\",\"position\":1,\"name\":\"Home\",\"item\":\"https:\/\/www.bolzonelladivise.com\/it\/\"},{\"@type\":\"ListItem\",\"position\":2,\"name\":\"Vestibilit\u00e0 professionale: guida alla scelta delle divise da lavoro eleganti\"}]},{\"@type\":\"WebSite\",\"@id\":\"https:\/\/www.bolzonelladivise.com\/it\/#website\",\"url\":\"https:\/\/www.bolzonelladivise.com\/it\/\",\"name\":\"Bolzonella Divise\",\"description\":\"Under Construction\",\"potentialAction\":[{\"@type\":\"SearchAction\",\"target\":{\"@type\":\"EntryPoint\",\"urlTemplate\":\"https:\/\/www.bolzonelladivise.com\/it\/?s={search_term_string}\"},\"query-input\":{\"@type\":\"PropertyValueSpecification\",\"valueRequired\":true,\"valueName\":\"search_term_string\"}}],\"inLanguage\":\"it-IT\"},{\"@type\":\"Person\",\"@id\":\"https:\/\/www.bolzonelladivise.com\/it\/#\/schema\/person\/c0144000f2ce50366688e6862dcb1bc6\",\"name\":\"admin\",\"image\":{\"@type\":\"ImageObject\",\"inLanguage\":\"it-IT\",\"@id\":\"https:\/\/www.bolzonelladivise.com\/it\/#\/schema\/person\/image\/\",\"url\":\"https:\/\/secure.gravatar.com\/avatar\/4a6487c5f9bc1925c1ca4e83917005dc5c26d11c56466d0e9ff00a8cf585e734?s=96&d=mm&r=g\",\"contentUrl\":\"https:\/\/secure.gravatar.com\/avatar\/4a6487c5f9bc1925c1ca4e83917005dc5c26d11c56466d0e9ff00a8cf585e734?s=96&d=mm&r=g\",\"caption\":\"admin\"},\"url\":\"https:\/\/www.bolzonelladivise.com\/it\/author\/denis_a8c405l3\/\"}]}<\/script>\n<!-- \/ Yoast SEO plugin. -->","yoast_head_json":{"title":"Vestibilit\u00e0 nelle divise da lavoro: guida completa alla scelta","description":"Slim, regular o comfort? Bolzonella Divise ti guida alla scelta della vestibilit\u00e0 perfetta per divise eleganti e professionali.","robots":{"index":"index","follow":"follow","max-snippet":"max-snippet:-1","max-image-preview":"max-image-preview:large","max-video-preview":"max-video-preview:-1"},"canonical":"https:\/\/www.bolzonelladivise.com\/it\/vestibilita-professionale-guida-alla-scelta-delle-divise-da-lavoro-eleganti\/","og_locale":"it_IT","og_type":"article","og_title":"Vestibilit\u00e0 nelle divise da lavoro: guida completa alla scelta","og_description":"Slim, regular o comfort? Bolzonella Divise ti guida alla scelta della vestibilit\u00e0 perfetta per divise eleganti e professionali.","og_url":"https:\/\/www.bolzonelladivise.com\/it\/vestibilita-professionale-guida-alla-scelta-delle-divise-da-lavoro-eleganti\/","og_site_name":"Bolzonella Divise","article_published_time":"2025-08-26T12:41:59+00:00","article_modified_time":"2025-08-26T13:14:41+00:00","og_image":[{"width":1920,"height":1137,"url":"https:\/\/www.bolzonelladivise.com\/wp-content\/uploads\/Copertina-Vestibilita.jpg","type":"image\/jpeg"}],"author":"admin","twitter_card":"summary_large_image","twitter_misc":{"Scritto da":"admin","Tempo di lettura stimato":"6 minuti"},"schema":{"@context":"https:\/\/schema.org","@graph":[{"@type":"Article","@id":"https:\/\/www.bolzonelladivise.com\/it\/vestibilita-professionale-guida-alla-scelta-delle-divise-da-lavoro-eleganti\/#article","isPartOf":{"@id":"https:\/\/www.bolzonelladivise.com\/it\/vestibilita-professionale-guida-alla-scelta-delle-divise-da-lavoro-eleganti\/"},"author":{"name":"admin","@id":"https:\/\/www.bolzonelladivise.com\/it\/#\/schema\/person\/c0144000f2ce50366688e6862dcb1bc6"},"headline":"Vestibilit\u00e0 professionale: guida alla scelta delle divise da lavoro eleganti","datePublished":"2025-08-26T12:41:59+00:00","dateModified":"2025-08-26T13:14:41+00:00","mainEntityOfPage":{"@id":"https:\/\/www.bolzonelladivise.com\/it\/vestibilita-professionale-guida-alla-scelta-delle-divise-da-lavoro-eleganti\/"},"wordCount":826,"image":{"@id":"https:\/\/www.bolzonelladivise.com\/it\/vestibilita-professionale-guida-alla-scelta-delle-divise-da-lavoro-eleganti\/#primaryimage"},"thumbnailUrl":"https:\/\/www.bolzonelladivise.com\/wp-content\/uploads\/Copertina-Vestibilita.jpg","keywords":["divise da lavoro eleganti","immagine aziendale"],"articleSection":["Consigli Bolzonella Divise","Guide alla Divisa"],"inLanguage":"it-IT"},{"@type":"WebPage","@id":"https:\/\/www.bolzonelladivise.com\/it\/vestibilita-professionale-guida-alla-scelta-delle-divise-da-lavoro-eleganti\/","url":"https:\/\/www.bolzonelladivise.com\/it\/vestibilita-professionale-guida-alla-scelta-delle-divise-da-lavoro-eleganti\/","name":"Vestibilit\u00e0 nelle divise da lavoro: guida completa alla scelta","isPartOf":{"@id":"https:\/\/www.bolzonelladivise.com\/it\/#website"},"primaryImageOfPage":{"@id":"https:\/\/www.bolzonelladivise.com\/it\/vestibilita-professionale-guida-alla-scelta-delle-divise-da-lavoro-eleganti\/#primaryimage"},"image":{"@id":"https:\/\/www.bolzonelladivise.com\/it\/vestibilita-professionale-guida-alla-scelta-delle-divise-da-lavoro-eleganti\/#primaryimage"},"thumbnailUrl":"https:\/\/www.bolzonelladivise.com\/wp-content\/uploads\/Copertina-Vestibilita.jpg","datePublished":"2025-08-26T12:41:59+00:00","dateModified":"2025-08-26T13:14:41+00:00","author":{"@id":"https:\/\/www.bolzonelladivise.com\/it\/#\/schema\/person\/c0144000f2ce50366688e6862dcb1bc6"},"description":"Slim, regular o comfort? Bolzonella Divise ti guida alla scelta della vestibilit\u00e0 perfetta per divise eleganti e professionali.","breadcrumb":{"@id":"https:\/\/www.bolzonelladivise.com\/it\/vestibilita-professionale-guida-alla-scelta-delle-divise-da-lavoro-eleganti\/#breadcrumb"},"inLanguage":"it-IT","potentialAction":[{"@type":"ReadAction","target":["https:\/\/www.bolzonelladivise.com\/it\/vestibilita-professionale-guida-alla-scelta-delle-divise-da-lavoro-eleganti\/"]}]},{"@type":"ImageObject","inLanguage":"it-IT","@id":"https:\/\/www.bolzonelladivise.com\/it\/vestibilita-professionale-guida-alla-scelta-delle-divise-da-lavoro-eleganti\/#primaryimage","url":"https:\/\/www.bolzonelladivise.com\/wp-content\/uploads\/Copertina-Vestibilita.jpg","contentUrl":"https:\/\/www.bolzonelladivise.com\/wp-content\/uploads\/Copertina-Vestibilita.jpg","width":1920,"height":1137,"caption":"Copertina Vestibilit\u00e0"},{"@type":"BreadcrumbList","@id":"https:\/\/www.bolzonelladivise.com\/it\/vestibilita-professionale-guida-alla-scelta-delle-divise-da-lavoro-eleganti\/#breadcrumb","itemListElement":[{"@type":"ListItem","position":1,"name":"Home","item":"https:\/\/www.bolzonelladivise.com\/it\/"},{"@type":"ListItem","position":2,"name":"Vestibilit\u00e0 professionale: guida alla scelta delle divise da lavoro eleganti"}]},{"@type":"WebSite","@id":"https:\/\/www.bolzonelladivise.com\/it\/#website","url":"https:\/\/www.bolzonelladivise.com\/it\/","name":"Bolzonella Divise","description":"Under Construction","potentialAction":[{"@type":"SearchAction","target":{"@type":"EntryPoint","urlTemplate":"https:\/\/www.bolzonelladivise.com\/it\/?s={search_term_string}"},"query-input":{"@type":"PropertyValueSpecification","valueRequired":true,"valueName":"search_term_string"}}],"inLanguage":"it-IT"},{"@type":"Person","@id":"https:\/\/www.bolzonelladivise.com\/it\/#\/schema\/person\/c0144000f2ce50366688e6862dcb1bc6","name":"admin","image":{"@type":"ImageObject","inLanguage":"it-IT","@id":"https:\/\/www.bolzonelladivise.com\/it\/#\/schema\/person\/image\/","url":"https:\/\/secure.gravatar.com\/avatar\/4a6487c5f9bc1925c1ca4e83917005dc5c26d11c56466d0e9ff00a8cf585e734?s=96&d=mm&r=g","contentUrl":"https:\/\/secure.gravatar.com\/avatar\/4a6487c5f9bc1925c1ca4e83917005dc5c26d11c56466d0e9ff00a8cf585e734?s=96&d=mm&r=g","caption":"admin"},"url":"https:\/\/www.bolzonelladivise.com\/it\/author\/denis_a8c405l3\/"}]}},"_links":{"self":[{"href":"https:\/\/www.bolzonelladivise.com\/it\/wp-json\/wp\/v2\/posts\/58079","targetHints":{"allow":["GET"]}}],"collection":[{"href":"https:\/\/www.bolzonelladivise.com\/it\/wp-json\/wp\/v2\/posts"}],"about":[{"href":"https:\/\/www.bolzonelladivise.com\/it\/wp-json\/wp\/v2\/types\/post"}],"author":[{"embeddable":true,"href":"https:\/\/www.bolzonelladivise.com\/it\/wp-json\/wp\/v2\/users\/1"}],"replies":[{"embeddable":true,"href":"https:\/\/www.bolzonelladivise.com\/it\/wp-json\/wp\/v2\/comments?post=58079"}],"version-history":[{"count":1,"href":"https:\/\/www.bolzonelladivise.com\/it\/wp-json\/wp\/v2\/posts\/58079\/revisions"}],"predecessor-version":[{"id":60152,"href":"https:\/\/www.bolzonelladivise.com\/it\/wp-json\/wp\/v2\/posts\/58079\/revisions\/60152"}],"wp:featuredmedia":[{"embeddable":true,"href":"https:\/\/www.bolzonelladivise.com\/it\/wp-json\/wp\/v2\/media\/58091"}],"wp:attachment":[{"href":"https:\/\/www.bolzonelladivise.com\/it\/wp-json\/wp\/v2\/media?parent=58079"}],"wp:term":[{"taxonomy":"category","embeddable":true,"href":"https:\/\/www.bolzonelladivise.com\/it\/wp-json\/wp\/v2\/categories?post=58079"},{"taxonomy":"post_tag","embeddable":true,"href":"https:\/\/www.bolzonelladivise.com\/it\/wp-json\/wp\/v2\/tags?post=58079"}],"curies":[{"name":"wp","href":"https:\/\/api.w.org\/{rel}","templated":true}]}}