{"id":20844,"date":"2021-10-01T15:33:57","date_gmt":"2021-10-01T13:33:57","guid":{"rendered":"https:\/\/www.bolzonelladivise.com?p=20844"},"modified":"2024-07-03T10:32:28","modified_gmt":"2024-07-03T08:32:28","slug":"quanto-conosci-gli-accessori-che-indossi-con-la-divisa","status":"publish","type":"post","link":"https:\/\/www.bolzonelladivise.com\/it\/blog\/accessori-divisa\/","title":{"rendered":"Quanto conosci gli accessori che indossi con la divisa?"},"content":{"rendered":"\t\t<div data-elementor-type=\"wp-post\" data-elementor-id=\"20844\" class=\"elementor elementor-20844\" data-elementor-post-type=\"post\">\n\t\t\t\t\t\t<section class=\"elementor-section elementor-top-section elementor-element elementor-element-543085be elementor-section-boxed elementor-section-height-default elementor-section-height-default\" data-id=\"543085be\" data-element_type=\"section\">\n\t\t\t\t\t\t<div class=\"elementor-container elementor-column-gap-default\">\n\t\t\t\t\t<div class=\"elementor-column elementor-col-100 elementor-top-column elementor-element elementor-element-5fffe315\" data-id=\"5fffe315\" data-element_type=\"column\">\n\t\t\t<div class=\"elementor-widget-wrap elementor-element-populated\">\n\t\t\t\t\t\t<div class=\"elementor-element elementor-element-7f21ebbc elementor-hidden-tablet elementor-hidden-phone elementor-widget elementor-widget-text-editor\" data-id=\"7f21ebbc\" data-element_type=\"widget\" data-widget_type=\"text-editor.default\">\n\t\t\t\t<div class=\"elementor-widget-container\">\n\t\t\t\t\t\t\t\t\t<h1 style=\"text-align: center;\"><span style=\"font-weight: 400;\">Quanto conosci gli accessori che indossi con la divisa?<\/span><\/h1>\t\t\t\t\t\t\t\t<\/div>\n\t\t\t\t<\/div>\n\t\t\t\t\t<\/div>\n\t\t<\/div>\n\t\t\t\t\t<\/div>\n\t\t<\/section>\n\t\t\t\t<section class=\"elementor-section elementor-top-section elementor-element elementor-element-14f27f0b elementor-section-boxed elementor-section-height-default elementor-section-height-default\" data-id=\"14f27f0b\" data-element_type=\"section\">\n\t\t\t\t\t\t<div class=\"elementor-container elementor-column-gap-default\">\n\t\t\t\t\t<div class=\"elementor-column elementor-col-100 elementor-top-column elementor-element elementor-element-2f2762b7\" data-id=\"2f2762b7\" data-element_type=\"column\">\n\t\t\t<div class=\"elementor-widget-wrap elementor-element-populated\">\n\t\t\t\t\t\t<div class=\"elementor-element elementor-element-5b6ffa0a elementor-widget elementor-widget-text-editor\" data-id=\"5b6ffa0a\" data-element_type=\"widget\" data-widget_type=\"text-editor.default\">\n\t\t\t\t<div class=\"elementor-widget-container\">\n\t\t\t\t\t\t\t\t\t<p><span style=\"font-weight: 400;\">Conoscere le caratteristiche degli <strong>accessori<\/strong> \u00e8 importante per scegliere quello che meglio rappresenta il tuo <strong>stile<\/strong> e la tua <strong>identit\u00e0<\/strong>. In questo articolo vogliamo accompagnarti alla scoperta della storia e di alcune <strong>curiosit\u00e0 sugli accessori<\/strong> pi\u00f9 diffusi e utilizzati: la <strong>cravatta<\/strong>, il <strong>papillon<\/strong>, i <strong>gemelli da polso<\/strong>, il <strong>foulard<\/strong>, la <strong>pochette<\/strong> e la <strong>spilla<\/strong>.<\/span><\/p><h2><strong>Cravatta<\/strong><\/h2><p><span style=\"font-weight: 400;\"><img fetchpriority=\"high\" decoding=\"async\" class=\"wp-image-20855 size-full alignright\" src=\"https:\/\/www.bolzonelladivise.com\/wp-content\/uploads\/foto-cravatta-1.jpg\" alt=\"uomo in divisa con cravatta\" width=\"400\" height=\"550\" srcset=\"https:\/\/www.bolzonelladivise.com\/wp-content\/uploads\/foto-cravatta-1.jpg 400w, https:\/\/www.bolzonelladivise.com\/wp-content\/uploads\/foto-cravatta-1-218x300.jpg 218w, https:\/\/www.bolzonelladivise.com\/wp-content\/uploads\/foto-cravatta-1-109x150.jpg 109w\" sizes=\"(max-width: 400px) 100vw, 400px\" \/>L\u2019antenata della cravatta di oggi era una striscia di stoffa indossata dai legionari romani per proteggere le vie respiratorie durante le marce. \u00c8 stata portata in Europa dai croati intorno al<\/span><b> \u2018600<\/b><span style=\"font-weight: 400;\"> mentre il Re Sole ne ha sancito il successo istituendo addirittura una professione, quella del <\/span><b>cravattaio <\/b><span style=\"font-weight: 400;\">che si occupava di annodare la cravatta del re. Sempre a questo periodo appartiene la prima <\/span><b>donna <\/b><span style=\"font-weight: 400;\">a indossare la cravatta, un\u2019aristocratica francese di nome Madame de La Valli\u00e8re.<\/span><\/p><p><span style=\"font-weight: 400;\">Durante la <\/span><b>rivoluzione industriale<\/b><span style=\"font-weight: 400;\"> sempre pi\u00f9 persone volevano indossare una cravatta che fosse <\/span><b>confortevole<\/b><span style=\"font-weight: 400;\">, abbastanza lunga, sottile e <\/span><b>facile da annodare<\/b><span style=\"font-weight: 400;\">. Nel 1922 l\u2019imprenditore americano Jesse Langsdorf trov\u00f2 il giusto metodo per creare la cravatta, ovvero tagliare tre pezzi di <\/span><b>tessuto <\/b><span style=\"font-weight: 400;\">ad un angolo di 45 gradi e poi cucirli insieme. Questo \u00e8 il tipo di cravatta che milioni di persone indossano ancora oggi.<\/span><\/p><p><span style=\"font-weight: 400;\">In seguito in Inghilterra e nei paesi del Commonwealth la cravatta veniva usata per identificare il rango dei soldati, gli universitari, gli scolari o l\u2019appartenenza a un\u2019organizzazione, da cui lo stile <\/span><i><span style=\"font-weight: 400;\">regimental<\/span><\/i><span style=\"font-weight: 400;\">.<\/span><\/p><p style=\"text-align: justify;\"><span style=\"font-weight: 400;\">Oggi \u00e8 il <\/span><b>simbolo <\/b><span style=\"font-weight: 400;\">per eccellenza dell\u2019eleganza, risulta quindi un accessorio <\/span><b>must have<\/b><span style=\"font-weight: 400;\"> quando parliamo di <\/span><b>divisa da lavoro da uomo<\/b><span style=\"font-weight: 400;\">, la giusta scelta per comunicare <\/span><b>precisione <\/b><span style=\"font-weight: 400;\">e <\/span><b>eleganza<\/b><span style=\"font-weight: 400;\">, ma occupa un piccolo spazio tutto suo <\/span><b>nel guardaroba femminile<\/b><span style=\"font-weight: 400;\"> sotto forma di <\/span><b>cravattino<\/b><span style=\"font-weight: 400;\">.<\/span><\/p><h2><strong>Papillon<\/strong><\/h2><p><span style=\"font-weight: 400;\"><img decoding=\"async\" class=\"alignleft wp-image-20857\" src=\"https:\/\/www.bolzonelladivise.com\/wp-content\/uploads\/papillon-1.jpg\" alt=\"papillon blu elegante\" width=\"375\" height=\"300\" srcset=\"https:\/\/www.bolzonelladivise.com\/wp-content\/uploads\/papillon-1.jpg 500w, https:\/\/www.bolzonelladivise.com\/wp-content\/uploads\/papillon-1-300x240.jpg 300w, https:\/\/www.bolzonelladivise.com\/wp-content\/uploads\/papillon-1-150x120.jpg 150w\" sizes=\"(max-width: 375px) 100vw, 375px\" \/>Anche il <\/span><b>papillon <\/b><span style=\"font-weight: 400;\">prende origine dai<\/span><b> mercenari croati<\/b><span style=\"font-weight: 400;\"> che usavano una sciarpa chiusa a fiocco per legare il colletto della camicia. \u00c8 stato adottato fin da subito dagli aristocratici francesi trasformandolo in un accessorio di moda irrinunciabile. Dall&#8217;800 in poi si rafforz\u00f2 l\u2019idea che il papillon veniva indossato da determinate categorie di persone come gli architetti, gli artisti, i professori e i politici. In Italia il papillon \u00e8 stato un simbolo attribuito ai futuristi, agli anarchici e ai rivoluzionari.<\/span><\/p><p><span style=\"font-weight: 400;\">Oggi il papillon \u00e8 considerato l\u2019alternativa alla cravatta e viene associato principalmente a cerimonie o contesti formali importanti. Viene infatti utilizzato soprattutto con lo smoking e il frac. Un accessorio<\/span><b> di gran carattere<\/b><span style=\"font-weight: 400;\">, indispensabile per determinati contesti che evidenzia <\/span><b>eleganza<\/b><span style=\"font-weight: 400;\">, <\/span><b>stile <\/b><span style=\"font-weight: 400;\">e <\/span><b>raffinatezza <\/b><span style=\"font-weight: 400;\">esclusiva.<\/span><\/p><h2><strong>Foulard<\/strong><\/h2><p><span style=\"font-weight: 400;\"><img decoding=\"async\" class=\"alignright wp-image-20858 size-full\" src=\"https:\/\/www.bolzonelladivise.com\/wp-content\/uploads\/foulard.jpg\" alt=\"hostess con foulard\" width=\"300\" height=\"400\" srcset=\"https:\/\/www.bolzonelladivise.com\/wp-content\/uploads\/foulard.jpg 300w, https:\/\/www.bolzonelladivise.com\/wp-content\/uploads\/foulard-225x300.jpg 225w, https:\/\/www.bolzonelladivise.com\/wp-content\/uploads\/foulard-113x150.jpg 113w\" sizes=\"(max-width: 300px) 100vw, 300px\" \/>Il <\/span><b>foulard <\/b><span style=\"font-weight: 400;\">pare fosse usato gi\u00e0 nell\u2019<\/span><b>antica Cina<\/b><span style=\"font-weight: 400;\">, il suo nome deriva <\/span><b>dal francese <\/b><b><i>foular<\/i><\/b><span style=\"font-weight: 400;\"> ovvero \u201cfollare\u201d, termine tecnico che indica il processo di lavorazione del tessuto che lo rende molto resistente. Nel corso della storia \u00e8 stato utilizzato per diversi scopi, indossato sul capo per <\/span><b>proteggersi dal sole<\/b><span style=\"font-weight: 400;\">, al collo dai <\/span><b>soldati <\/b><span style=\"font-weight: 400;\">per identificare il\u00a0<\/span><b>rango<\/b><span style=\"font-weight: 400;\">, e pi\u00f9 recentemente dalle <\/span><b>donne <\/b><span style=\"font-weight: 400;\">come <\/span><b>accessorio di moda<\/b><span style=\"font-weight: 400;\">.\u00a0<\/span><\/p><p><span style=\"font-weight: 400;\">Il foulard \u00e8 entrato in passerella con Herm\u00e9s, che a partire dagli anni \u201830 del \u2018900 lo porta nel <\/span><b>mondo sartoriale<\/b><span style=\"font-weight: 400;\">. Dopo di lui molti altri stilisti si sono cimentati nella creazione di questi accessori che si prestavano molto bene all\u2019incontro tra moda e arte. I foulard infatti attraverso la combinazione di tessuti, colori e fantasie diversi diventavano delle vere e proprie<\/span><b> opere d\u2019arte<\/b><span style=\"font-weight: 400;\">.<\/span><\/p><p><span style=\"font-weight: 400;\">Il foulard moderno \u00e8 diventato simbolo di eleganza femminile, perfetto per completare il tuo outfit o la divisa da lavoro. Gli fa da contraltare l\u2019<\/span><b>ascott <\/b><span style=\"font-weight: 400;\">maschile, accessorio raffinatissimo e poco conosciuto.<\/span><\/p><h2><strong>Pochette o fazzoletto da taschino<\/strong><\/h2><p><span style=\"font-weight: 400;\"><img loading=\"lazy\" decoding=\"async\" class=\"alignleft wp-image-20859\" src=\"https:\/\/www.bolzonelladivise.com\/wp-content\/uploads\/pochette.jpg\" alt=\"fazzoletto da taschino\" width=\"375\" height=\"300\" srcset=\"https:\/\/www.bolzonelladivise.com\/wp-content\/uploads\/pochette.jpg 500w, https:\/\/www.bolzonelladivise.com\/wp-content\/uploads\/pochette-300x240.jpg 300w, https:\/\/www.bolzonelladivise.com\/wp-content\/uploads\/pochette-150x120.jpg 150w\" sizes=\"(max-width: 375px) 100vw, 375px\" \/>La <\/span><b>pochette <\/b><span style=\"font-weight: 400;\">deriva <\/span><b>dal francese <\/b><b><i>poche<\/i><\/b><b> \u201ctasca\u201d<\/b><span style=\"font-weight: 400;\"> e come tanti altri accessori anche questo \u00e8 diventato particolarmente famoso tra il \u2018600 e il 700\u2019 alla corte del Re Sole. I nobili indossavano la pochette come accessorio ornamentale e l&#8217;utilizzo sempre pi\u00f9 frequente lo resero un vero e proprio <\/span><b>oggetto di stile<\/b><span style=\"font-weight: 400;\">. La nascita del fazzoletto da taschino come lo conosciamo oggi avviene nel XIX secolo, contemporaneamente al successo dell\u2019abito a due pezzi. La pochette inizia ad essere portata nel taschino della giacca, da qui il nome di <\/span><b>fazzoletto da taschino<\/b><span style=\"font-weight: 400;\">. Ancora oggi \u00e8 considerato un elemento decorativo che viene indossato quando si vuole avere uno <\/span><b>stile elegante e ricercato<\/b><span style=\"font-weight: 400;\"> con una particolare attenzione ai dettagli, abbinato alla cravatta o alla camicia.<\/span><\/p><h2><strong>Gemelli da polso<\/strong><\/h2><p><span style=\"font-weight: 400;\"><img loading=\"lazy\" decoding=\"async\" class=\"alignright wp-image-20860\" src=\"https:\/\/www.bolzonelladivise.com\/wp-content\/uploads\/gemelli-da-polso.jpg\" alt=\"gemelli da polso\" width=\"450\" height=\"321\" srcset=\"https:\/\/www.bolzonelladivise.com\/wp-content\/uploads\/gemelli-da-polso.jpg 500w, https:\/\/www.bolzonelladivise.com\/wp-content\/uploads\/gemelli-da-polso-300x214.jpg 300w, https:\/\/www.bolzonelladivise.com\/wp-content\/uploads\/gemelli-da-polso-150x107.jpg 150w\" sizes=\"(max-width: 450px) 100vw, 450px\" \/>I <\/span><b>gemelli da polso<\/b><span style=\"font-weight: 400;\"> sono apparsi per la prima volta nel \u2018600, ma si sono diffusi solo nel corso dell\u2019800, periodo in cui vengono utilizzati come un vero e proprio gioiello. Da questo momento in poi iniziano ad essere associati a un <\/span><b>valore simbolico ed identificativo<\/b><span style=\"font-weight: 400;\">: vengono decorati con le iniziali di famiglia, nomi e cognomi, stemmi nobiliari e nomi di marito e moglie. Nel \u2018900 i gemelli da polso hanno un\u2019ulteriore diffusione, iniziano a comparire versioni meno preziose e pi\u00f9 accessibili.\u00a0<\/span><\/p><p><span style=\"font-weight: 400;\">I<\/span> <span style=\"font-weight: 400;\">gemelli da polso si usano con le camicie <\/span><b>con polsini alla francese<\/b><span style=\"font-weight: 400;\"> e vengono indossati di norma per eventi importanti come <\/span><b>cerimonie<\/b><span style=\"font-weight: 400;\">, <\/span><b>feste di gala<\/b><span style=\"font-weight: 400;\">, <\/span><b>party<\/b><span style=\"font-weight: 400;\">, ma non si esclude certamente la possibilit\u00e0 di indossarli a chi vuole osare con un tocco di raffinatezza in pi\u00f9.<\/span><\/p><h2><strong>Spilla<\/strong><\/h2><p><span style=\"font-weight: 400;\"><img loading=\"lazy\" decoding=\"async\" class=\"alignleft wp-image-20861\" src=\"https:\/\/www.bolzonelladivise.com\/wp-content\/uploads\/spilla-1.jpg\" alt=\"spille personalizzate\" width=\"500\" height=\"279\" data-wp-editing=\"1\" srcset=\"https:\/\/www.bolzonelladivise.com\/wp-content\/uploads\/spilla-1.jpg 1200w, https:\/\/www.bolzonelladivise.com\/wp-content\/uploads\/spilla-1-800x446.jpg 800w, https:\/\/www.bolzonelladivise.com\/wp-content\/uploads\/spilla-1-300x167.jpg 300w, https:\/\/www.bolzonelladivise.com\/wp-content\/uploads\/spilla-1-150x84.jpg 150w, https:\/\/www.bolzonelladivise.com\/wp-content\/uploads\/spilla-1-768x428.jpg 768w, https:\/\/www.bolzonelladivise.com\/wp-content\/uploads\/spilla-1-450x250.jpg 450w\" sizes=\"(max-width: 500px) 100vw, 500px\" \/>La <\/span><b>spilla <\/b><span style=\"font-weight: 400;\">\u00e8 un accessorio la cui origine <\/span><b>risale all\u2019Et\u00e0 del Bronzo<\/b><span style=\"font-weight: 400;\"> dove veniva utilizzata per tenere insieme i mantelli. Tra l\u2019800 e il \u2018900 era usata dalle signore per <\/span><b>impreziosire <\/b><span style=\"font-weight: 400;\">i propri abiti. Ed \u00e8 proprio in questo periodo che la spilla diventa un gioiello di altissimo <\/span><b>valore <\/b><span style=\"font-weight: 400;\">in quanto viene realizzata con metalli preziosi, diamanti e perle. Nel corso dei secoli, infatti, la spilla ha assunto sempre pi\u00f9 un <\/span><b>simbolo dello status di ricchezza<\/b><span style=\"font-weight: 400;\">. Negli anni \u201880 quando diventa popolare la spilla di metallo, spesso di forma circolare, usata dai ragazzi per dimostrare l\u2019appartenenza a un gruppo o per lanciare messaggi ironici e divertenti.<\/span><\/p><p><span style=\"font-weight: 400;\">Oggi viene utilizzata come gli altri accessori per <\/span><b>diversificare<\/b><span style=\"font-weight: 400;\">, <\/span><b>arricchire <\/b><span style=\"font-weight: 400;\">e <\/span><b>personalizzare <\/b><span style=\"font-weight: 400;\">il proprio look.<\/span><\/p><h2><strong>Accessori personalizzati<\/strong><\/h2><p><span style=\"font-weight: 400;\">Puoi personalizzare gli accessori da abbinare alla divisa aziendale e <\/span><b>trasmettere i valori della tua azienda anche attraverso l&#8217;aspetto dei tuoi dipendenti<\/b><span style=\"font-weight: 400;\">.<\/span><\/p><p><span style=\"font-weight: 400;\">I nostri specialisti ti guideranno passo per passo nella personalizzazione dell\u2019accessorio scelto e troveranno la soluzione che meglio si adatta all&#8217;immagine che vuoi mostrare della tua azienda. Scopri come <span style=\"text-decoration: underline;\"><a href=\"https:\/\/www.bolzonelladivise.com\/it\/collezioni\/accessori\/\">qui<\/a><\/span><\/span><span style=\"font-weight: 400;\">.<\/span><\/p>\t\t\t\t\t\t\t\t<\/div>\n\t\t\t\t<\/div>\n\t\t\t\t\t<\/div>\n\t\t<\/div>\n\t\t\t\t\t<\/div>\n\t\t<\/section>\n\t\t\t\t<section class=\"elementor-section elementor-inner-section elementor-element elementor-element-43b2e7cb elementor-section-content-middle elementor-section-boxed elementor-section-height-default elementor-section-height-default\" data-id=\"43b2e7cb\" data-element_type=\"section\">\n\t\t\t\t\t\t<div class=\"elementor-container elementor-column-gap-default\">\n\t\t\t\t\t<div class=\"elementor-column elementor-col-50 elementor-inner-column elementor-element elementor-element-64231065\" data-id=\"64231065\" data-element_type=\"column\">\n\t\t\t<div class=\"elementor-widget-wrap elementor-element-populated\">\n\t\t\t\t\t\t<div class=\"elementor-element elementor-element-10d5e1ce elementor-widget elementor-widget-text-editor\" data-id=\"10d5e1ce\" data-element_type=\"widget\" data-widget_type=\"text-editor.default\">\n\t\t\t\t<div class=\"elementor-widget-container\">\n\t\t\t\t\t\t\t\t\t<h4 style=\"text-align: justify; margin:0px;\">Hai trovato interessante questo articolo? Condividilo!<\/h4>\t\t\t\t\t\t\t\t<\/div>\n\t\t\t\t<\/div>\n\t\t\t\t\t<\/div>\n\t\t<\/div>\n\t\t\t\t<div class=\"elementor-column elementor-col-50 elementor-inner-column elementor-element elementor-element-6c765bfa\" data-id=\"6c765bfa\" data-element_type=\"column\">\n\t\t\t<div class=\"elementor-widget-wrap elementor-element-populated\">\n\t\t\t\t\t\t<div class=\"elementor-element elementor-element-7bffc8ee elementor-share-buttons--view-icon elementor-share-buttons--shape-circle elementor-share-buttons--skin-gradient elementor-grid-0 elementor-share-buttons--color-official elementor-widget elementor-widget-share-buttons\" data-id=\"7bffc8ee\" data-element_type=\"widget\" data-widget_type=\"share-buttons.default\">\n\t\t\t\t<div class=\"elementor-widget-container\">\n\t\t\t\t\t\t\t<div class=\"elementor-grid\" role=\"list\">\n\t\t\t\t\t\t\t\t<div class=\"elementor-grid-item\" role=\"listitem\">\n\t\t\t\t\t\t<div class=\"elementor-share-btn elementor-share-btn_facebook\" role=\"button\" tabindex=\"0\" aria-label=\"Condividi su facebook\">\n\t\t\t\t\t\t\t\t\t\t\t\t\t\t\t<span class=\"elementor-share-btn__icon\">\n\t\t\t\t\t\t\t\t<svg aria-hidden=\"true\" class=\"e-font-icon-svg e-fab-facebook\" viewBox=\"0 0 512 512\" xmlns=\"http:\/\/www.w3.org\/2000\/svg\"><path d=\"M504 256C504 119 393 8 256 8S8 119 8 256c0 123.78 90.69 226.38 209.25 245V327.69h-63V256h63v-54.64c0-62.15 37-96.48 93.67-96.48 27.14 0 55.52 4.84 55.52 4.84v61h-31.28c-30.8 0-40.41 19.12-40.41 38.73V256h68.78l-11 71.69h-57.78V501C413.31 482.38 504 379.78 504 256z\"><\/path><\/svg>\t\t\t\t\t\t\t<\/span>\n\t\t\t\t\t\t\t\t\t\t\t\t\t\t\t\t\t\t\t\t<\/div>\n\t\t\t\t\t<\/div>\n\t\t\t\t\t\t\t\t\t<div class=\"elementor-grid-item\" role=\"listitem\">\n\t\t\t\t\t\t<div class=\"elementor-share-btn elementor-share-btn_twitter\" role=\"button\" tabindex=\"0\" aria-label=\"Condividi su twitter\">\n\t\t\t\t\t\t\t\t\t\t\t\t\t\t\t<span class=\"elementor-share-btn__icon\">\n\t\t\t\t\t\t\t\t<svg aria-hidden=\"true\" class=\"e-font-icon-svg e-fab-twitter\" viewBox=\"0 0 512 512\" xmlns=\"http:\/\/www.w3.org\/2000\/svg\"><path d=\"M459.37 151.716c.325 4.548.325 9.097.325 13.645 0 138.72-105.583 298.558-298.558 298.558-59.452 0-114.68-17.219-161.137-47.106 8.447.974 16.568 1.299 25.34 1.299 49.055 0 94.213-16.568 130.274-44.832-46.132-.975-84.792-31.188-98.112-72.772 6.498.974 12.995 1.624 19.818 1.624 9.421 0 18.843-1.3 27.614-3.573-48.081-9.747-84.143-51.98-84.143-102.985v-1.299c13.969 7.797 30.214 12.67 47.431 13.319-28.264-18.843-46.781-51.005-46.781-87.391 0-19.492 5.197-37.36 14.294-52.954 51.655 63.675 129.3 105.258 216.365 109.807-1.624-7.797-2.599-15.918-2.599-24.04 0-57.828 46.782-104.934 104.934-104.934 30.213 0 57.502 12.67 76.67 33.137 23.715-4.548 46.456-13.32 66.599-25.34-7.798 24.366-24.366 44.833-46.132 57.827 21.117-2.273 41.584-8.122 60.426-16.243-14.292 20.791-32.161 39.308-52.628 54.253z\"><\/path><\/svg>\t\t\t\t\t\t\t<\/span>\n\t\t\t\t\t\t\t\t\t\t\t\t\t\t\t\t\t\t\t\t<\/div>\n\t\t\t\t\t<\/div>\n\t\t\t\t\t\t\t\t\t<div class=\"elementor-grid-item\" role=\"listitem\">\n\t\t\t\t\t\t<div class=\"elementor-share-btn elementor-share-btn_linkedin\" role=\"button\" tabindex=\"0\" aria-label=\"Condividi su linkedin\">\n\t\t\t\t\t\t\t\t\t\t\t\t\t\t\t<span class=\"elementor-share-btn__icon\">\n\t\t\t\t\t\t\t\t<svg aria-hidden=\"true\" class=\"e-font-icon-svg e-fab-linkedin\" viewBox=\"0 0 448 512\" xmlns=\"http:\/\/www.w3.org\/2000\/svg\"><path d=\"M416 32H31.9C14.3 32 0 46.5 0 64.3v383.4C0 465.5 14.3 480 31.9 480H416c17.6 0 32-14.5 32-32.3V64.3c0-17.8-14.4-32.3-32-32.3zM135.4 416H69V202.2h66.5V416zm-33.2-243c-21.3 0-38.5-17.3-38.5-38.5S80.9 96 102.2 96c21.2 0 38.5 17.3 38.5 38.5 0 21.3-17.2 38.5-38.5 38.5zm282.1 243h-66.4V312c0-24.8-.5-56.7-34.5-56.7-34.6 0-39.9 27-39.9 54.9V416h-66.4V202.2h63.7v29.2h.9c8.9-16.8 30.6-34.5 62.9-34.5 67.2 0 79.7 44.3 79.7 101.9V416z\"><\/path><\/svg>\t\t\t\t\t\t\t<\/span>\n\t\t\t\t\t\t\t\t\t\t\t\t\t\t\t\t\t\t\t\t<\/div>\n\t\t\t\t\t<\/div>\n\t\t\t\t\t\t<\/div>\n\t\t\t\t\t\t<\/div>\n\t\t\t\t<\/div>\n\t\t\t\t\t<\/div>\n\t\t<\/div>\n\t\t\t\t\t<\/div>\n\t\t<\/section>\n\t\t\t\t<section class=\"elementor-section elementor-top-section elementor-element elementor-element-3ba5774 elementor-section-boxed elementor-section-height-default elementor-section-height-default\" data-id=\"3ba5774\" data-element_type=\"section\">\n\t\t\t\t\t\t<div class=\"elementor-container elementor-column-gap-default\">\n\t\t\t\t\t<div class=\"elementor-column elementor-col-100 elementor-top-column elementor-element elementor-element-b845d64\" data-id=\"b845d64\" data-element_type=\"column\">\n\t\t\t<div class=\"elementor-widget-wrap elementor-element-populated\">\n\t\t\t\t\t\t<div class=\"elementor-element elementor-element-d54f9aa elementor-post-navigation-borders-yes elementor-widget elementor-widget-post-navigation\" data-id=\"d54f9aa\" data-element_type=\"widget\" data-widget_type=\"post-navigation.default\">\n\t\t\t\t<div class=\"elementor-widget-container\">\n\t\t\t\t\t\t\t<div class=\"elementor-post-navigation\" role=\"navigation\" aria-label=\"Navigazione dell&#039;articolo\">\n\t\t\t<div class=\"elementor-post-navigation__prev elementor-post-navigation__link\">\n\t\t\t\t<a href=\"https:\/\/www.bolzonelladivise.com\/it\/blog\/divise-eleganti-ed-effetto-alone-come-migliorare-limmagine-aziendale-e-il-rapporto-con-i-clienti\/\" rel=\"prev\"><span class=\"post-navigation__arrow-wrapper post-navigation__arrow-prev\"><svg aria-hidden=\"true\" class=\"e-font-icon-svg e-fas-angle-left\" viewBox=\"0 0 256 512\" xmlns=\"http:\/\/www.w3.org\/2000\/svg\"><path d=\"M31.7 239l136-136c9.4-9.4 24.6-9.4 33.9 0l22.6 22.6c9.4 9.4 9.4 24.6 0 33.9L127.9 256l96.4 96.4c9.4 9.4 9.4 24.6 0 33.9L201.7 409c-9.4 9.4-24.6 9.4-33.9 0l-136-136c-9.5-9.4-9.5-24.6-.1-34z\"><\/path><\/svg><span class=\"elementor-screen-only\">Precedente<\/span><\/span><span class=\"elementor-post-navigation__link__prev\"><span class=\"post-navigation__prev--title\">Divise eleganti ed effetto alone: come migliorare l&#8217;immagine aziendale e il rapporto con i clienti<\/span><\/span><\/a>\t\t\t<\/div>\n\t\t\t\t\t\t\t<div class=\"elementor-post-navigation__separator-wrapper\">\n\t\t\t\t\t<div class=\"elementor-post-navigation__separator\"><\/div>\n\t\t\t\t<\/div>\n\t\t\t\t\t\t<div class=\"elementor-post-navigation__next elementor-post-navigation__link\">\n\t\t\t\t<a href=\"https:\/\/www.bolzonelladivise.com\/it\/blog\/ricamo-ideale-per-personalizzare-divisa-elegante\/\" rel=\"next\"><span class=\"elementor-post-navigation__link__next\"><span class=\"post-navigation__next--title\">Perch\u00e9 il ricamo \u00e8 ideale per personalizzare la tua divisa elegante<\/span><\/span><span class=\"post-navigation__arrow-wrapper post-navigation__arrow-next\"><svg aria-hidden=\"true\" class=\"e-font-icon-svg e-fas-angle-right\" viewBox=\"0 0 256 512\" xmlns=\"http:\/\/www.w3.org\/2000\/svg\"><path d=\"M224.3 273l-136 136c-9.4 9.4-24.6 9.4-33.9 0l-22.6-22.6c-9.4-9.4-9.4-24.6 0-33.9l96.4-96.4-96.4-96.4c-9.4-9.4-9.4-24.6 0-33.9L54.3 103c9.4-9.4 24.6-9.4 33.9 0l136 136c9.5 9.4 9.5 24.6.1 34z\"><\/path><\/svg><span class=\"elementor-screen-only\">Successivo<\/span><\/span><\/a>\t\t\t<\/div>\n\t\t<\/div>\n\t\t\t\t\t\t<\/div>\n\t\t\t\t<\/div>\n\t\t\t\t\t<\/div>\n\t\t<\/div>\n\t\t\t\t\t<\/div>\n\t\t<\/section>\n\t\t\t\t<\/div>\n\t\t","protected":false},"excerpt":{"rendered":"<p>Eccoci con un po&#8217; di storia sugli accessori eleganti! Quanto conosci gli accessori che indossi tutti i giorni?<br \/>\nIn questo articolo scoprirai tutto su foulard, pochette, spille, e&#8230; beh, continua a leggere!<\/p>\n","protected":false},"author":1,"featured_media":20853,"comment_status":"closed","ping_status":"closed","sticky":false,"template":"elementor_theme","format":"standard","meta":{"footnotes":""},"categories":[1633],"tags":[1655,1662],"class_list":["post-20844","post","type-post","status-publish","format-standard","has-post-thumbnail","hentry","category-focus-capo-da-lavoro-elegante","tag-accessori-per-divise-da-lavoro","tag-personalizzazioni"],"yoast_head":"<!-- This site is optimized with the Yoast SEO plugin v26.8 - https:\/\/yoast.com\/product\/yoast-seo-wordpress\/ -->\n<title>Quanto conosci gli accessori che indossi con la divisa?<\/title>\n<meta name=\"description\" content=\"Conoscere gli accessori \u00e8 importante per scegliere quello che meglio rappresenta il tuo stile e la tua identit\u00e0. Scopri i pi\u00f9 usati!\" \/>\n<meta name=\"robots\" content=\"index, follow, max-snippet:-1, max-image-preview:large, max-video-preview:-1\" \/>\n<link rel=\"canonical\" href=\"https:\/\/www.bolzonelladivise.com\/it\/blog\/accessori-divisa\/\" \/>\n<meta property=\"og:locale\" content=\"it_IT\" \/>\n<meta property=\"og:type\" content=\"article\" \/>\n<meta property=\"og:title\" content=\"Quanto conosci gli accessori che indossi con la divisa?\" \/>\n<meta property=\"og:description\" content=\"Conoscere gli accessori \u00e8 importante per scegliere quello che meglio rappresenta il tuo stile e la tua identit\u00e0. Scopri i pi\u00f9 usati!\" \/>\n<meta property=\"og:url\" content=\"https:\/\/www.bolzonelladivise.com\/it\/blog\/accessori-divisa\/\" \/>\n<meta property=\"og:site_name\" content=\"Bolzonella Divise\" \/>\n<meta property=\"article:published_time\" content=\"2021-10-01T13:33:57+00:00\" \/>\n<meta property=\"article:modified_time\" content=\"2024-07-03T08:32:28+00:00\" \/>\n<meta property=\"og:image\" content=\"https:\/\/www.bolzonelladivise.com\/wp-content\/uploads\/DSC02210.jpg\" \/>\n\t<meta property=\"og:image:width\" content=\"400\" \/>\n\t<meta property=\"og:image:height\" content=\"550\" \/>\n\t<meta property=\"og:image:type\" content=\"image\/jpeg\" \/>\n<meta name=\"author\" content=\"admin\" \/>\n<meta name=\"twitter:card\" content=\"summary_large_image\" \/>\n<meta name=\"twitter:image\" content=\"https:\/\/www.bolzonelladivise.com\/wp-content\/uploads\/DSC02210.jpg\" \/>\n<meta name=\"twitter:label1\" content=\"Scritto da\" \/>\n\t<meta name=\"twitter:data1\" content=\"admin\" \/>\n\t<meta name=\"twitter:label2\" content=\"Tempo di lettura stimato\" \/>\n\t<meta name=\"twitter:data2\" content=\"7 minuti\" \/>\n<script type=\"application\/ld+json\" class=\"yoast-schema-graph\">{\"@context\":\"https:\/\/schema.org\",\"@graph\":[{\"@type\":\"Article\",\"@id\":\"https:\/\/www.bolzonelladivise.com\/it\/blog\/accessori-divisa\/#article\",\"isPartOf\":{\"@id\":\"https:\/\/www.bolzonelladivise.com\/it\/blog\/accessori-divisa\/\"},\"author\":{\"name\":\"admin\",\"@id\":\"https:\/\/www.bolzonelladivise.com\/it\/#\/schema\/person\/c0144000f2ce50366688e6862dcb1bc6\"},\"headline\":\"Quanto conosci gli accessori che indossi con la divisa?\",\"datePublished\":\"2021-10-01T13:33:57+00:00\",\"dateModified\":\"2024-07-03T08:32:28+00:00\",\"mainEntityOfPage\":{\"@id\":\"https:\/\/www.bolzonelladivise.com\/it\/blog\/accessori-divisa\/\"},\"wordCount\":1012,\"image\":{\"@id\":\"https:\/\/www.bolzonelladivise.com\/it\/blog\/accessori-divisa\/#primaryimage\"},\"thumbnailUrl\":\"https:\/\/www.bolzonelladivise.com\/wp-content\/uploads\/copertina-2.jpg\",\"keywords\":[\"accessori\",\"personalizzazioni\"],\"articleSection\":[\"Focus Capo da Lavoro\"],\"inLanguage\":\"it-IT\"},{\"@type\":\"WebPage\",\"@id\":\"https:\/\/www.bolzonelladivise.com\/it\/blog\/accessori-divisa\/\",\"url\":\"https:\/\/www.bolzonelladivise.com\/it\/blog\/accessori-divisa\/\",\"name\":\"Quanto conosci gli accessori che indossi con la divisa?\",\"isPartOf\":{\"@id\":\"https:\/\/www.bolzonelladivise.com\/it\/#website\"},\"primaryImageOfPage\":{\"@id\":\"https:\/\/www.bolzonelladivise.com\/it\/blog\/accessori-divisa\/#primaryimage\"},\"image\":{\"@id\":\"https:\/\/www.bolzonelladivise.com\/it\/blog\/accessori-divisa\/#primaryimage\"},\"thumbnailUrl\":\"https:\/\/www.bolzonelladivise.com\/wp-content\/uploads\/copertina-2.jpg\",\"datePublished\":\"2021-10-01T13:33:57+00:00\",\"dateModified\":\"2024-07-03T08:32:28+00:00\",\"author\":{\"@id\":\"https:\/\/www.bolzonelladivise.com\/it\/#\/schema\/person\/c0144000f2ce50366688e6862dcb1bc6\"},\"description\":\"Conoscere gli accessori \u00e8 importante per scegliere quello che meglio rappresenta il tuo stile e la tua identit\u00e0. Scopri i pi\u00f9 usati!\",\"breadcrumb\":{\"@id\":\"https:\/\/www.bolzonelladivise.com\/it\/blog\/accessori-divisa\/#breadcrumb\"},\"inLanguage\":\"it-IT\",\"potentialAction\":[{\"@type\":\"ReadAction\",\"target\":[\"https:\/\/www.bolzonelladivise.com\/it\/blog\/accessori-divisa\/\"]}]},{\"@type\":\"ImageObject\",\"inLanguage\":\"it-IT\",\"@id\":\"https:\/\/www.bolzonelladivise.com\/it\/blog\/accessori-divisa\/#primaryimage\",\"url\":\"https:\/\/www.bolzonelladivise.com\/wp-content\/uploads\/copertina-2.jpg\",\"contentUrl\":\"https:\/\/www.bolzonelladivise.com\/wp-content\/uploads\/copertina-2.jpg\",\"width\":1200,\"height\":500,\"caption\":\"donna in uniforme con foulard\"},{\"@type\":\"BreadcrumbList\",\"@id\":\"https:\/\/www.bolzonelladivise.com\/it\/blog\/accessori-divisa\/#breadcrumb\",\"itemListElement\":[{\"@type\":\"ListItem\",\"position\":1,\"name\":\"Home\",\"item\":\"https:\/\/www.bolzonelladivise.com\/it\/\"},{\"@type\":\"ListItem\",\"position\":2,\"name\":\"Quanto conosci gli accessori che indossi con la divisa?\"}]},{\"@type\":\"WebSite\",\"@id\":\"https:\/\/www.bolzonelladivise.com\/it\/#website\",\"url\":\"https:\/\/www.bolzonelladivise.com\/it\/\",\"name\":\"Bolzonella Divise\",\"description\":\"Under Construction\",\"potentialAction\":[{\"@type\":\"SearchAction\",\"target\":{\"@type\":\"EntryPoint\",\"urlTemplate\":\"https:\/\/www.bolzonelladivise.com\/it\/?s={search_term_string}\"},\"query-input\":{\"@type\":\"PropertyValueSpecification\",\"valueRequired\":true,\"valueName\":\"search_term_string\"}}],\"inLanguage\":\"it-IT\"},{\"@type\":\"Person\",\"@id\":\"https:\/\/www.bolzonelladivise.com\/it\/#\/schema\/person\/c0144000f2ce50366688e6862dcb1bc6\",\"name\":\"admin\",\"image\":{\"@type\":\"ImageObject\",\"inLanguage\":\"it-IT\",\"@id\":\"https:\/\/www.bolzonelladivise.com\/it\/#\/schema\/person\/image\/\",\"url\":\"https:\/\/secure.gravatar.com\/avatar\/4a6487c5f9bc1925c1ca4e83917005dc5c26d11c56466d0e9ff00a8cf585e734?s=96&d=mm&r=g\",\"contentUrl\":\"https:\/\/secure.gravatar.com\/avatar\/4a6487c5f9bc1925c1ca4e83917005dc5c26d11c56466d0e9ff00a8cf585e734?s=96&d=mm&r=g\",\"caption\":\"admin\"},\"url\":\"https:\/\/www.bolzonelladivise.com\/it\/author\/denis_a8c405l3\/\"}]}<\/script>\n<!-- \/ Yoast SEO plugin. -->","yoast_head_json":{"title":"Quanto conosci gli accessori che indossi con la divisa?","description":"Conoscere gli accessori \u00e8 importante per scegliere quello che meglio rappresenta il tuo stile e la tua identit\u00e0. Scopri i pi\u00f9 usati!","robots":{"index":"index","follow":"follow","max-snippet":"max-snippet:-1","max-image-preview":"max-image-preview:large","max-video-preview":"max-video-preview:-1"},"canonical":"https:\/\/www.bolzonelladivise.com\/it\/blog\/accessori-divisa\/","og_locale":"it_IT","og_type":"article","og_title":"Quanto conosci gli accessori che indossi con la divisa?","og_description":"Conoscere gli accessori \u00e8 importante per scegliere quello che meglio rappresenta il tuo stile e la tua identit\u00e0. Scopri i pi\u00f9 usati!","og_url":"https:\/\/www.bolzonelladivise.com\/it\/blog\/accessori-divisa\/","og_site_name":"Bolzonella Divise","article_published_time":"2021-10-01T13:33:57+00:00","article_modified_time":"2024-07-03T08:32:28+00:00","og_image":[{"width":400,"height":550,"url":"https:\/\/www.bolzonelladivise.com\/wp-content\/uploads\/DSC02210.jpg","type":"image\/jpeg"}],"author":"admin","twitter_card":"summary_large_image","twitter_image":"https:\/\/www.bolzonelladivise.com\/wp-content\/uploads\/DSC02210.jpg","twitter_misc":{"Scritto da":"admin","Tempo di lettura stimato":"7 minuti"},"schema":{"@context":"https:\/\/schema.org","@graph":[{"@type":"Article","@id":"https:\/\/www.bolzonelladivise.com\/it\/blog\/accessori-divisa\/#article","isPartOf":{"@id":"https:\/\/www.bolzonelladivise.com\/it\/blog\/accessori-divisa\/"},"author":{"name":"admin","@id":"https:\/\/www.bolzonelladivise.com\/it\/#\/schema\/person\/c0144000f2ce50366688e6862dcb1bc6"},"headline":"Quanto conosci gli accessori che indossi con la divisa?","datePublished":"2021-10-01T13:33:57+00:00","dateModified":"2024-07-03T08:32:28+00:00","mainEntityOfPage":{"@id":"https:\/\/www.bolzonelladivise.com\/it\/blog\/accessori-divisa\/"},"wordCount":1012,"image":{"@id":"https:\/\/www.bolzonelladivise.com\/it\/blog\/accessori-divisa\/#primaryimage"},"thumbnailUrl":"https:\/\/www.bolzonelladivise.com\/wp-content\/uploads\/copertina-2.jpg","keywords":["accessori","personalizzazioni"],"articleSection":["Focus Capo da Lavoro"],"inLanguage":"it-IT"},{"@type":"WebPage","@id":"https:\/\/www.bolzonelladivise.com\/it\/blog\/accessori-divisa\/","url":"https:\/\/www.bolzonelladivise.com\/it\/blog\/accessori-divisa\/","name":"Quanto conosci gli accessori che indossi con la divisa?","isPartOf":{"@id":"https:\/\/www.bolzonelladivise.com\/it\/#website"},"primaryImageOfPage":{"@id":"https:\/\/www.bolzonelladivise.com\/it\/blog\/accessori-divisa\/#primaryimage"},"image":{"@id":"https:\/\/www.bolzonelladivise.com\/it\/blog\/accessori-divisa\/#primaryimage"},"thumbnailUrl":"https:\/\/www.bolzonelladivise.com\/wp-content\/uploads\/copertina-2.jpg","datePublished":"2021-10-01T13:33:57+00:00","dateModified":"2024-07-03T08:32:28+00:00","author":{"@id":"https:\/\/www.bolzonelladivise.com\/it\/#\/schema\/person\/c0144000f2ce50366688e6862dcb1bc6"},"description":"Conoscere gli accessori \u00e8 importante per scegliere quello che meglio rappresenta il tuo stile e la tua identit\u00e0. Scopri i pi\u00f9 usati!","breadcrumb":{"@id":"https:\/\/www.bolzonelladivise.com\/it\/blog\/accessori-divisa\/#breadcrumb"},"inLanguage":"it-IT","potentialAction":[{"@type":"ReadAction","target":["https:\/\/www.bolzonelladivise.com\/it\/blog\/accessori-divisa\/"]}]},{"@type":"ImageObject","inLanguage":"it-IT","@id":"https:\/\/www.bolzonelladivise.com\/it\/blog\/accessori-divisa\/#primaryimage","url":"https:\/\/www.bolzonelladivise.com\/wp-content\/uploads\/copertina-2.jpg","contentUrl":"https:\/\/www.bolzonelladivise.com\/wp-content\/uploads\/copertina-2.jpg","width":1200,"height":500,"caption":"donna in uniforme con foulard"},{"@type":"BreadcrumbList","@id":"https:\/\/www.bolzonelladivise.com\/it\/blog\/accessori-divisa\/#breadcrumb","itemListElement":[{"@type":"ListItem","position":1,"name":"Home","item":"https:\/\/www.bolzonelladivise.com\/it\/"},{"@type":"ListItem","position":2,"name":"Quanto conosci gli accessori che indossi con la divisa?"}]},{"@type":"WebSite","@id":"https:\/\/www.bolzonelladivise.com\/it\/#website","url":"https:\/\/www.bolzonelladivise.com\/it\/","name":"Bolzonella Divise","description":"Under Construction","potentialAction":[{"@type":"SearchAction","target":{"@type":"EntryPoint","urlTemplate":"https:\/\/www.bolzonelladivise.com\/it\/?s={search_term_string}"},"query-input":{"@type":"PropertyValueSpecification","valueRequired":true,"valueName":"search_term_string"}}],"inLanguage":"it-IT"},{"@type":"Person","@id":"https:\/\/www.bolzonelladivise.com\/it\/#\/schema\/person\/c0144000f2ce50366688e6862dcb1bc6","name":"admin","image":{"@type":"ImageObject","inLanguage":"it-IT","@id":"https:\/\/www.bolzonelladivise.com\/it\/#\/schema\/person\/image\/","url":"https:\/\/secure.gravatar.com\/avatar\/4a6487c5f9bc1925c1ca4e83917005dc5c26d11c56466d0e9ff00a8cf585e734?s=96&d=mm&r=g","contentUrl":"https:\/\/secure.gravatar.com\/avatar\/4a6487c5f9bc1925c1ca4e83917005dc5c26d11c56466d0e9ff00a8cf585e734?s=96&d=mm&r=g","caption":"admin"},"url":"https:\/\/www.bolzonelladivise.com\/it\/author\/denis_a8c405l3\/"}]}},"_links":{"self":[{"href":"https:\/\/www.bolzonelladivise.com\/it\/wp-json\/wp\/v2\/posts\/20844","targetHints":{"allow":["GET"]}}],"collection":[{"href":"https:\/\/www.bolzonelladivise.com\/it\/wp-json\/wp\/v2\/posts"}],"about":[{"href":"https:\/\/www.bolzonelladivise.com\/it\/wp-json\/wp\/v2\/types\/post"}],"author":[{"embeddable":true,"href":"https:\/\/www.bolzonelladivise.com\/it\/wp-json\/wp\/v2\/users\/1"}],"replies":[{"embeddable":true,"href":"https:\/\/www.bolzonelladivise.com\/it\/wp-json\/wp\/v2\/comments?post=20844"}],"version-history":[{"count":0,"href":"https:\/\/www.bolzonelladivise.com\/it\/wp-json\/wp\/v2\/posts\/20844\/revisions"}],"wp:featuredmedia":[{"embeddable":true,"href":"https:\/\/www.bolzonelladivise.com\/it\/wp-json\/wp\/v2\/media\/20853"}],"wp:attachment":[{"href":"https:\/\/www.bolzonelladivise.com\/it\/wp-json\/wp\/v2\/media?parent=20844"}],"wp:term":[{"taxonomy":"category","embeddable":true,"href":"https:\/\/www.bolzonelladivise.com\/it\/wp-json\/wp\/v2\/categories?post=20844"},{"taxonomy":"post_tag","embeddable":true,"href":"https:\/\/www.bolzonelladivise.com\/it\/wp-json\/wp\/v2\/tags?post=20844"}],"curies":[{"name":"wp","href":"https:\/\/api.w.org\/{rel}","templated":true}]}}