{"id":19812,"date":"2021-03-05T09:58:00","date_gmt":"2021-03-05T08:58:00","guid":{"rendered":"https:\/\/www.bolzonelladivise.com?p=19812"},"modified":"2024-07-02T16:22:10","modified_gmt":"2024-07-02T14:22:10","slug":"perche-la-scelta-della-divisa-non-dovrebbe-essere-un-fattore-di-gusto-personale","status":"publish","type":"post","link":"https:\/\/www.bolzonelladivise.com\/it\/blog\/perche-la-scelta-della-divisa-non-dovrebbe-essere-un-fattore-di-gusto-personale\/","title":{"rendered":"Perch\u00e9 la scelta della divisa non dovrebbe essere un fattore di gusto personale"},"content":{"rendered":"\t\t<div data-elementor-type=\"wp-post\" data-elementor-id=\"19812\" class=\"elementor elementor-19812\" data-elementor-post-type=\"post\">\n\t\t\t\t\t\t<section class=\"elementor-section elementor-top-section elementor-element elementor-element-543085be elementor-section-boxed elementor-section-height-default elementor-section-height-default\" data-id=\"543085be\" data-element_type=\"section\">\n\t\t\t\t\t\t<div class=\"elementor-container elementor-column-gap-default\">\n\t\t\t\t\t<div class=\"elementor-column elementor-col-100 elementor-top-column elementor-element elementor-element-5fffe315\" data-id=\"5fffe315\" data-element_type=\"column\">\n\t\t\t<div class=\"elementor-widget-wrap elementor-element-populated\">\n\t\t\t\t\t\t<div class=\"elementor-element elementor-element-18861bf3 elementor-widget elementor-widget-image\" data-id=\"18861bf3\" data-element_type=\"widget\" data-widget_type=\"image.default\">\n\t\t\t\t<div class=\"elementor-widget-container\">\n\t\t\t\t\t\t\t\t\t\t\t\t\t\t\t<img fetchpriority=\"high\" decoding=\"async\" width=\"1198\" height=\"402\" src=\"https:\/\/www.bolzonelladivise.com\/wp-content\/uploads\/scelta-della-divisa.jpg\" class=\"attachment-full size-full wp-image-19814\" alt=\"\" srcset=\"https:\/\/www.bolzonelladivise.com\/wp-content\/uploads\/scelta-della-divisa.jpg 1198w, https:\/\/www.bolzonelladivise.com\/wp-content\/uploads\/scelta-della-divisa-800x268.jpg 800w, https:\/\/www.bolzonelladivise.com\/wp-content\/uploads\/scelta-della-divisa-300x101.jpg 300w, https:\/\/www.bolzonelladivise.com\/wp-content\/uploads\/scelta-della-divisa-150x50.jpg 150w, https:\/\/www.bolzonelladivise.com\/wp-content\/uploads\/scelta-della-divisa-768x258.jpg 768w\" sizes=\"(max-width: 1198px) 100vw, 1198px\" \/>\t\t\t\t\t\t\t\t\t\t\t\t\t\t\t<\/div>\n\t\t\t\t<\/div>\n\t\t\t\t<div class=\"elementor-element elementor-element-7f21ebbc elementor-hidden-tablet elementor-hidden-phone elementor-widget elementor-widget-text-editor\" data-id=\"7f21ebbc\" data-element_type=\"widget\" data-widget_type=\"text-editor.default\">\n\t\t\t\t<div class=\"elementor-widget-container\">\n\t\t\t\t\t\t\t\t\t<h1><span style=\"font-weight: 400;\">Perch\u00e9 la scelta della divisa non dovrebbe essere un fattore di gusto personale<\/span><\/h1>\t\t\t\t\t\t\t\t<\/div>\n\t\t\t\t<\/div>\n\t\t\t\t\t<\/div>\n\t\t<\/div>\n\t\t\t\t\t<\/div>\n\t\t<\/section>\n\t\t\t\t<section class=\"elementor-section elementor-top-section elementor-element elementor-element-14f27f0b elementor-section-boxed elementor-section-height-default elementor-section-height-default\" data-id=\"14f27f0b\" data-element_type=\"section\">\n\t\t\t\t\t\t<div class=\"elementor-container elementor-column-gap-default\">\n\t\t\t\t\t<div class=\"elementor-column elementor-col-100 elementor-top-column elementor-element elementor-element-2f2762b7\" data-id=\"2f2762b7\" data-element_type=\"column\">\n\t\t\t<div class=\"elementor-widget-wrap elementor-element-populated\">\n\t\t\t\t\t\t<div class=\"elementor-element elementor-element-513cf62f elementor-widget elementor-widget-text-editor\" data-id=\"513cf62f\" data-element_type=\"widget\" data-widget_type=\"text-editor.default\">\n\t\t\t\t<div class=\"elementor-widget-container\">\n\t\t\t\t\t\t\t\t\t<p><b>Scegliere la divisa aziendale<\/b> per il proprio staff \u00e8 una fase delicata che <b>merita tempo e ricerca<\/b>. Essa, infatti, diventa un elemento fondamentale di interazione con i clienti, configurandosi come un biglietto da visita per l\u2019impresa. Ogni dettaglio deve essere studiato <b>ispirandosi allo stile aziendale e ai valori<\/b> che si intende portare avanti con la propria realt\u00e0. Basare la divisa aziendale unicamente su un fattore di <b>gusto personale<\/b> sarebbe un grave errore: scopriamo in questo articolo perch\u00e9.\u00a0<\/p><h2>La divisa aziendale: un plus che rappresenta la tua impresa<\/h2><p>Ogni azienda si fonda su valori e aspirazioni differenti, espresse all\u2019interno della propria <i>vision<\/i> e <i>mission aziendali<\/i>. La <i>vision<\/i> rappresenta il sogno, ovvero l\u2019obiettivo per cui l\u2019azienda \u00e8 nata e cosa si prospetta di diventare. La <i>mission<\/i> esprime invece il modo in cui si intende raggiungere il sogno, i mezzi e le attivit\u00e0 attraverso le quali raggiungere tale meta. Ogni azienda dovrebbe <b>esplicitare tali valori <\/b>dentro e fuori la propria realt\u00e0,<b> per rafforzare la propria identit\u00e0<\/b>, distinguendosi dai competitor e costruendo un\u2019immagine aziendale coerente e unica.<\/p><h3>Un passaparola per i valori aziendali<\/h3><p>Tutta la comunicazione aziendale, online e offline, dovrebbe basarsi sulla <i>vision <\/i>per incarnare al meglio i valori che hanno dato vita all\u2019impresa. Se l\u2019azienda \u00e8 in grado di rappresentarli attraverso <b>una coordinazione di tutti gli elementi che compongono la comunicazione<\/b> (dall\u2019ambiente di lavoro e la brochure cartacea, al sito web e i contenuti social) il <b>messaggio<\/b> trasmesso diventa <b>chiaro, forte e diretto,<\/b> per essere recepito con facilit\u00e0 anche all\u2019esterno. \u00c8 proprio cos\u00ec che i brand pi\u00f9 importanti vengono riconosciuti nel mondo a colpo d\u2019occhio e si garantiscono un successo che dura negli anni, a discapito dei concorrenti. Questo allineamento comunicativo, quindi, comprende anche la <b>divisa aziendale<\/b>.\u00a0<\/p><h3>Una fidelizzazione dei clienti<\/h3><p><img decoding=\"async\" class=\"size-full wp-image-19816 alignright\" src=\"https:\/\/www.bolzonelladivise.com\/wp-content\/uploads\/scelta-della-divisa1.jpg\" alt=\"\" width=\"350\" height=\"500\" srcset=\"https:\/\/www.bolzonelladivise.com\/wp-content\/uploads\/scelta-della-divisa1.jpg 350w, https:\/\/www.bolzonelladivise.com\/wp-content\/uploads\/scelta-della-divisa1-210x300.jpg 210w, https:\/\/www.bolzonelladivise.com\/wp-content\/uploads\/scelta-della-divisa1-105x150.jpg 105w\" sizes=\"(max-width: 350px) 100vw, 350px\" \/>Da qui nasce la necessit\u00e0 di sviluppare la divisa aziendale attraverso un\u2019analisi approfondita di tutte le possibilit\u00e0 di scelta e degli elementi che possono <b>esplicitare facilmente il messaggio<\/b> che si intende trasmettere. <b>Colori, tessuti, logo e accessori<\/b> devono avere un senso e non possono basarsi unicamente su un fattore di gusto personale. Quando i clienti hanno chiari i valori di un\u2019azienda e li condividono, il legame che viene a crearsi raggiunge una maggior profondit\u00e0 per una <b>fidelizzazione<\/b> che si mantiene nel tempo.\u00a0<\/p><h3>Un legame per il personale<\/h3><p>Un altro vantaggio che la divisa aziendale garantisce \u00e8 l\u2019allineamento tra tutte le persone del team. Ogni dipendente, infatti, quando indossa un abito che incorpora i valori dell\u2019azienda che rappresenta, \u00e8 in grado di entrarvi in contatto pi\u00f9 facilmente e <b>condividerne i valori. <\/b>Non solo aumenta il desiderio di portarli avanti nel proprio lavoro, ma si crea un <b>senso di comunit\u00e0 e di appartenenza al gruppo<\/b>. La divisa stimola quindi la cooperazione nel personale e facilita la relazione sia tra colleghi, sia nel supporto ai clienti.\u00a0<\/p><h2>\u201cLa divisa deve solo essere bella\u201d: qual \u00e8 il rischio?<\/h2><p>Compresi il valore e il potere che una divisa aziendale possiede, vediamo di approfondire maggiormente la ragione per cui il solo apprezzamento estetico non pu\u00f2 bastare.\u00a0<\/p><p>Scegliere la divisa unicamente in base ai propri gusti potrebbe <b>sviare l&#8217;immagine dell&#8217;azienda<\/b>, allontanandosi da ci\u00f2 che effettivamente si vorrebbe trasmettere. Se l\u2019unico criterio di scelta dell\u2019abito diventa l\u2019aderenza al proprio gusto estetico, senza un allineamento al resto della comunicazione, il rischio pi\u00f9 grande \u00e8 di <b>confondere i clienti e di passare un\u2019idea sbagliata.\u00a0<\/b><\/p><h3>Il pericolo di confondere e mettere a disagio il cliente<\/h3><p><img decoding=\"async\" class=\"size-full wp-image-19815 alignleft\" src=\"https:\/\/www.bolzonelladivise.com\/wp-content\/uploads\/scelta-della-divisa2.jpg\" alt=\"\" width=\"350\" height=\"500\" srcset=\"https:\/\/www.bolzonelladivise.com\/wp-content\/uploads\/scelta-della-divisa2.jpg 350w, https:\/\/www.bolzonelladivise.com\/wp-content\/uploads\/scelta-della-divisa2-210x300.jpg 210w, https:\/\/www.bolzonelladivise.com\/wp-content\/uploads\/scelta-della-divisa2-105x150.jpg 105w\" sizes=\"(max-width: 350px) 100vw, 350px\" \/>Se si possiede un ambiente di lavoro informale e lo stile della propria clientela rientra in questa modalit\u00e0 pi\u00f9 casual, vestire i propri dipendenti unicamente per gusto personale con abiti estremamente eleganti, solitamente utilizzati in ambienti di lusso, potrebbe confondere la clientela mettendola fortemente a disagio. Il rischio \u00e8 quindi quello di <b>allontanare le persone che rientrano nel proprio target<\/b> aziendale e <b>limitare una possibile fidelizzazione. <\/b>Il benessere del cliente \u00e8 un elemento fondamentale da considerare, per questo \u00e8 bene creare una <b>coerenza tra ci\u00f2 che si dice e ci\u00f2 che si rappresenta <\/b>infondendo credibilit\u00e0 e fiducia.\u00a0<\/p><h3>Cadere nell\u2019anonimato:\u00a0 una bella divisa, ma\u2026 niente di pi\u00f9.<\/h3><p>Realizzare una divisa che aderisce totalmente al proprio gusto personale e piace anche al team di dipendenti, tuttavia non trasmettendo nulla della realt\u00e0 e dei valori aziendali, significa <b>proporsi con un\u2019immagine esteticamente bella ma anonima<\/b>. La personalizzazione della propria divisa per la trasmissione dei valori \u00e8 un elemento fondamentale per <b>distinguersi dai competitor e rendersi riconoscibili<\/b>. Qualunque realt\u00e0, infatti, potrebbe avere la stessa divisa sulla base di una condivisione del gusto personale. Quali vantaggi apporta all\u2019impresa? Un apprezzamento superficiale che non permette di andare in profondit\u00e0 nelle relazioni e mettere in luce il cuore dell\u2019azienda.\u00a0<\/p><h2>Conclusioni\u2026<\/h2><p>La <b>divisa aziendale<\/b> rappresenta un <b>elemento identificativo dell\u2019azienda<\/b> e permette di trasmetterne i valori sia internamente al personale, sia all\u2019esterno, verso clienti attuali e potenziali. Per questo il suo sviluppo non va sottovalutato e basato unicamente su un fattore di gusto personale: il rischio \u00e8 quello di scegliere uniformi belle ma anonime e lontane dal messaggio che si intende trasmettere. La scelta della divisa deve basarsi principalmente sui valori su cui regge l\u2019azienda, con l\u2019intento di <b>infondere chiaramente l\u2019anima del brand<\/b> in chiunque osservi l\u2019abito.\u00a0<\/p><p>Per ottenere un risultato unico e in linea con la propria <i>vision <\/i>pu\u00f2 essere necessario l\u2019intervento e il consulto di un professionista. <b>Bolzonella Divise<\/b> \u00e8 esperta nel settore delle divise aziendali ed \u00e8 in grado di accompagnare le imprese nello sviluppo della soluzione pi\u00f9 adatta alla propria realt\u00e0.\u00a0<\/p><p><i>Hai bisogno di supporto nell\u2019ideazione e sviluppo della tua divisa aziendale? <\/i><span style=\"text-decoration: underline;\"><a href=\"https:\/\/www.bolzonelladivise.com\/it\/contatti\/\"><i>Contattaci<\/i><\/a><i><\/i><i>: <\/i><b><i>Bolzonella Divise<\/i><\/b><i> risponder\u00e0 a tutti i tuoi dubbi per trovare insieme a te la combinazione su misura per la tua azienda.\u00a0<\/i><\/span><\/p>\t\t\t\t\t\t\t\t<\/div>\n\t\t\t\t<\/div>\n\t\t\t\t\t<\/div>\n\t\t<\/div>\n\t\t\t\t\t<\/div>\n\t\t<\/section>\n\t\t\t\t<section class=\"elementor-section elementor-inner-section elementor-element elementor-element-6880bcd1 elementor-section-content-middle elementor-section-boxed elementor-section-height-default elementor-section-height-default\" data-id=\"6880bcd1\" data-element_type=\"section\">\n\t\t\t\t\t\t<div class=\"elementor-container elementor-column-gap-default\">\n\t\t\t\t\t<div class=\"elementor-column elementor-col-50 elementor-inner-column elementor-element elementor-element-d605c55\" data-id=\"d605c55\" data-element_type=\"column\">\n\t\t\t<div class=\"elementor-widget-wrap elementor-element-populated\">\n\t\t\t\t\t\t<div class=\"elementor-element elementor-element-778f596 elementor-widget elementor-widget-text-editor\" data-id=\"778f596\" data-element_type=\"widget\" data-widget_type=\"text-editor.default\">\n\t\t\t\t<div class=\"elementor-widget-container\">\n\t\t\t\t\t\t\t\t\t<h4 style=\"text-align: justify; margin:0px;\">Hai trovato interessante questo articolo? Condividilo!<\/h4>\t\t\t\t\t\t\t\t<\/div>\n\t\t\t\t<\/div>\n\t\t\t\t\t<\/div>\n\t\t<\/div>\n\t\t\t\t<div class=\"elementor-column elementor-col-50 elementor-inner-column elementor-element elementor-element-359b6704\" data-id=\"359b6704\" data-element_type=\"column\">\n\t\t\t<div class=\"elementor-widget-wrap elementor-element-populated\">\n\t\t\t\t\t\t<div class=\"elementor-element elementor-element-61268912 elementor-share-buttons--view-icon elementor-share-buttons--shape-circle elementor-share-buttons--skin-gradient elementor-grid-0 elementor-share-buttons--color-official elementor-widget elementor-widget-share-buttons\" data-id=\"61268912\" data-element_type=\"widget\" data-widget_type=\"share-buttons.default\">\n\t\t\t\t<div class=\"elementor-widget-container\">\n\t\t\t\t\t\t\t<div class=\"elementor-grid\" role=\"list\">\n\t\t\t\t\t\t\t\t<div class=\"elementor-grid-item\" role=\"listitem\">\n\t\t\t\t\t\t<div class=\"elementor-share-btn elementor-share-btn_facebook\" role=\"button\" tabindex=\"0\" aria-label=\"Condividi su facebook\">\n\t\t\t\t\t\t\t\t\t\t\t\t\t\t\t<span class=\"elementor-share-btn__icon\">\n\t\t\t\t\t\t\t\t<svg aria-hidden=\"true\" class=\"e-font-icon-svg e-fab-facebook\" viewBox=\"0 0 512 512\" xmlns=\"http:\/\/www.w3.org\/2000\/svg\"><path d=\"M504 256C504 119 393 8 256 8S8 119 8 256c0 123.78 90.69 226.38 209.25 245V327.69h-63V256h63v-54.64c0-62.15 37-96.48 93.67-96.48 27.14 0 55.52 4.84 55.52 4.84v61h-31.28c-30.8 0-40.41 19.12-40.41 38.73V256h68.78l-11 71.69h-57.78V501C413.31 482.38 504 379.78 504 256z\"><\/path><\/svg>\t\t\t\t\t\t\t<\/span>\n\t\t\t\t\t\t\t\t\t\t\t\t\t\t\t\t\t\t\t\t<\/div>\n\t\t\t\t\t<\/div>\n\t\t\t\t\t\t\t\t\t<div class=\"elementor-grid-item\" role=\"listitem\">\n\t\t\t\t\t\t<div class=\"elementor-share-btn elementor-share-btn_twitter\" role=\"button\" tabindex=\"0\" aria-label=\"Condividi su twitter\">\n\t\t\t\t\t\t\t\t\t\t\t\t\t\t\t<span class=\"elementor-share-btn__icon\">\n\t\t\t\t\t\t\t\t<svg aria-hidden=\"true\" class=\"e-font-icon-svg e-fab-twitter\" viewBox=\"0 0 512 512\" xmlns=\"http:\/\/www.w3.org\/2000\/svg\"><path d=\"M459.37 151.716c.325 4.548.325 9.097.325 13.645 0 138.72-105.583 298.558-298.558 298.558-59.452 0-114.68-17.219-161.137-47.106 8.447.974 16.568 1.299 25.34 1.299 49.055 0 94.213-16.568 130.274-44.832-46.132-.975-84.792-31.188-98.112-72.772 6.498.974 12.995 1.624 19.818 1.624 9.421 0 18.843-1.3 27.614-3.573-48.081-9.747-84.143-51.98-84.143-102.985v-1.299c13.969 7.797 30.214 12.67 47.431 13.319-28.264-18.843-46.781-51.005-46.781-87.391 0-19.492 5.197-37.36 14.294-52.954 51.655 63.675 129.3 105.258 216.365 109.807-1.624-7.797-2.599-15.918-2.599-24.04 0-57.828 46.782-104.934 104.934-104.934 30.213 0 57.502 12.67 76.67 33.137 23.715-4.548 46.456-13.32 66.599-25.34-7.798 24.366-24.366 44.833-46.132 57.827 21.117-2.273 41.584-8.122 60.426-16.243-14.292 20.791-32.161 39.308-52.628 54.253z\"><\/path><\/svg>\t\t\t\t\t\t\t<\/span>\n\t\t\t\t\t\t\t\t\t\t\t\t\t\t\t\t\t\t\t\t<\/div>\n\t\t\t\t\t<\/div>\n\t\t\t\t\t\t\t\t\t<div class=\"elementor-grid-item\" role=\"listitem\">\n\t\t\t\t\t\t<div class=\"elementor-share-btn elementor-share-btn_linkedin\" role=\"button\" tabindex=\"0\" aria-label=\"Condividi su linkedin\">\n\t\t\t\t\t\t\t\t\t\t\t\t\t\t\t<span class=\"elementor-share-btn__icon\">\n\t\t\t\t\t\t\t\t<svg aria-hidden=\"true\" class=\"e-font-icon-svg e-fab-linkedin\" viewBox=\"0 0 448 512\" xmlns=\"http:\/\/www.w3.org\/2000\/svg\"><path d=\"M416 32H31.9C14.3 32 0 46.5 0 64.3v383.4C0 465.5 14.3 480 31.9 480H416c17.6 0 32-14.5 32-32.3V64.3c0-17.8-14.4-32.3-32-32.3zM135.4 416H69V202.2h66.5V416zm-33.2-243c-21.3 0-38.5-17.3-38.5-38.5S80.9 96 102.2 96c21.2 0 38.5 17.3 38.5 38.5 0 21.3-17.2 38.5-38.5 38.5zm282.1 243h-66.4V312c0-24.8-.5-56.7-34.5-56.7-34.6 0-39.9 27-39.9 54.9V416h-66.4V202.2h63.7v29.2h.9c8.9-16.8 30.6-34.5 62.9-34.5 67.2 0 79.7 44.3 79.7 101.9V416z\"><\/path><\/svg>\t\t\t\t\t\t\t<\/span>\n\t\t\t\t\t\t\t\t\t\t\t\t\t\t\t\t\t\t\t\t<\/div>\n\t\t\t\t\t<\/div>\n\t\t\t\t\t\t<\/div>\n\t\t\t\t\t\t<\/div>\n\t\t\t\t<\/div>\n\t\t\t\t\t<\/div>\n\t\t<\/div>\n\t\t\t\t\t<\/div>\n\t\t<\/section>\n\t\t\t\t<section class=\"elementor-section elementor-top-section elementor-element elementor-element-646bee0 elementor-section-boxed elementor-section-height-default elementor-section-height-default\" data-id=\"646bee0\" data-element_type=\"section\">\n\t\t\t\t\t\t<div class=\"elementor-container elementor-column-gap-default\">\n\t\t\t\t\t<div class=\"elementor-column elementor-col-100 elementor-top-column elementor-element elementor-element-0d635b2\" data-id=\"0d635b2\" data-element_type=\"column\">\n\t\t\t<div class=\"elementor-widget-wrap elementor-element-populated\">\n\t\t\t\t\t\t<div class=\"elementor-element elementor-element-9e988de elementor-post-navigation-borders-yes elementor-widget elementor-widget-post-navigation\" data-id=\"9e988de\" data-element_type=\"widget\" data-widget_type=\"post-navigation.default\">\n\t\t\t\t<div class=\"elementor-widget-container\">\n\t\t\t\t\t\t\t<div class=\"elementor-post-navigation\" role=\"navigation\" aria-label=\"Navigazione dell&#039;articolo\">\n\t\t\t<div class=\"elementor-post-navigation__prev elementor-post-navigation__link\">\n\t\t\t\t<a href=\"https:\/\/www.bolzonelladivise.com\/it\/blog\/come-abbinare-le-sneakers-personalizzate-a-una-divisa-aziendale\/\" rel=\"prev\"><span class=\"post-navigation__arrow-wrapper post-navigation__arrow-prev\"><svg aria-hidden=\"true\" class=\"e-font-icon-svg e-fas-angle-left\" viewBox=\"0 0 256 512\" xmlns=\"http:\/\/www.w3.org\/2000\/svg\"><path d=\"M31.7 239l136-136c9.4-9.4 24.6-9.4 33.9 0l22.6 22.6c9.4 9.4 9.4 24.6 0 33.9L127.9 256l96.4 96.4c9.4 9.4 9.4 24.6 0 33.9L201.7 409c-9.4 9.4-24.6 9.4-33.9 0l-136-136c-9.5-9.4-9.5-24.6-.1-34z\"><\/path><\/svg><span class=\"elementor-screen-only\">Precedente<\/span><\/span><span class=\"elementor-post-navigation__link__prev\"><span class=\"post-navigation__prev--title\">Come abbinare le sneakers personalizzate a una divisa aziendale<\/span><\/span><\/a>\t\t\t<\/div>\n\t\t\t\t\t\t\t<div class=\"elementor-post-navigation__separator-wrapper\">\n\t\t\t\t\t<div class=\"elementor-post-navigation__separator\"><\/div>\n\t\t\t\t<\/div>\n\t\t\t\t\t\t<div class=\"elementor-post-navigation__next elementor-post-navigation__link\">\n\t\t\t\t<a href=\"https:\/\/www.bolzonelladivise.com\/it\/blog\/divise-eleganti-ed-effetto-alone-come-migliorare-limmagine-aziendale-e-il-rapporto-con-i-clienti\/\" rel=\"next\"><span class=\"elementor-post-navigation__link__next\"><span class=\"post-navigation__next--title\">Divise eleganti ed effetto alone: come migliorare l&#8217;immagine aziendale e il rapporto con i clienti<\/span><\/span><span class=\"post-navigation__arrow-wrapper post-navigation__arrow-next\"><svg aria-hidden=\"true\" class=\"e-font-icon-svg e-fas-angle-right\" viewBox=\"0 0 256 512\" xmlns=\"http:\/\/www.w3.org\/2000\/svg\"><path d=\"M224.3 273l-136 136c-9.4 9.4-24.6 9.4-33.9 0l-22.6-22.6c-9.4-9.4-9.4-24.6 0-33.9l96.4-96.4-96.4-96.4c-9.4-9.4-9.4-24.6 0-33.9L54.3 103c9.4-9.4 24.6-9.4 33.9 0l136 136c9.5 9.4 9.5 24.6.1 34z\"><\/path><\/svg><span class=\"elementor-screen-only\">Successivo<\/span><\/span><\/a>\t\t\t<\/div>\n\t\t<\/div>\n\t\t\t\t\t\t<\/div>\n\t\t\t\t<\/div>\n\t\t\t\t\t<\/div>\n\t\t<\/div>\n\t\t\t\t\t<\/div>\n\t\t<\/section>\n\t\t\t\t<\/div>\n\t\t","protected":false},"excerpt":{"rendered":"<p>Perch\u00e9 la scelta della divisa non dovrebbe essere un fattore di gusto personale Scegliere la divisa aziendale per il proprio staff \u00e8 una fase delicata che merita tempo e ricerca. Essa, infatti, diventa un elemento fondamentale di interazione con i clienti, configurandosi come un biglietto da visita per l\u2019impresa. Ogni dettaglio deve essere studiato ispirandosi [&hellip;]<\/p>\n","protected":false},"author":3,"featured_media":19814,"comment_status":"closed","ping_status":"closed","sticky":false,"template":"elementor_theme","format":"standard","meta":{"footnotes":""},"categories":[1630],"tags":[1636,1638],"class_list":["post-19812","post","type-post","status-publish","format-standard","has-post-thumbnail","hentry","category-consigli-sulle-divise-da-lavoro-da-bolzonella-divise","tag-informazioni-su-divise-da-lavoro-eleganti","tag-immagine-aziendale-divise-eleganti"],"yoast_head":"<!-- This site is optimized with the Yoast SEO plugin v26.8 - https:\/\/yoast.com\/product\/yoast-seo-wordpress\/ -->\n<title>Scelta della divisa: perch\u00e9 non deve seguire il gusto personale<\/title>\n<meta name=\"description\" content=\"Scegliere la divisa aziendale per il proprio staff \u00e8 una fase delicata che merita tempo e ricerca. Scopri perch\u00e8 non dovrebbe limitarsi al gusto personale.\" \/>\n<meta name=\"robots\" content=\"index, follow, max-snippet:-1, max-image-preview:large, max-video-preview:-1\" \/>\n<link rel=\"canonical\" href=\"https:\/\/www.bolzonelladivise.com\/it\/blog\/perche-la-scelta-della-divisa-non-dovrebbe-essere-un-fattore-di-gusto-personale\/\" \/>\n<meta property=\"og:locale\" content=\"it_IT\" \/>\n<meta property=\"og:type\" content=\"article\" \/>\n<meta property=\"og:title\" content=\"Scelta della divisa: perch\u00e9 non deve seguire il gusto personale\" \/>\n<meta property=\"og:description\" content=\"Scegliere la divisa aziendale per il proprio staff \u00e8 una fase delicata che merita tempo e ricerca. Scopri perch\u00e8 non dovrebbe limitarsi al gusto personale.\" \/>\n<meta property=\"og:url\" content=\"https:\/\/www.bolzonelladivise.com\/it\/blog\/perche-la-scelta-della-divisa-non-dovrebbe-essere-un-fattore-di-gusto-personale\/\" \/>\n<meta property=\"og:site_name\" content=\"Bolzonella Divise\" \/>\n<meta property=\"article:published_time\" content=\"2021-03-05T08:58:00+00:00\" \/>\n<meta property=\"article:modified_time\" content=\"2024-07-02T14:22:10+00:00\" \/>\n<meta property=\"og:image\" content=\"https:\/\/www.bolzonelladivise.com\/wp-content\/uploads\/scelta-della-divisa.jpg\" \/>\n\t<meta property=\"og:image:width\" content=\"1198\" \/>\n\t<meta property=\"og:image:height\" content=\"402\" \/>\n\t<meta property=\"og:image:type\" content=\"image\/jpeg\" \/>\n<meta name=\"author\" content=\"Cast\" \/>\n<meta name=\"twitter:card\" content=\"summary_large_image\" \/>\n<meta name=\"twitter:label1\" content=\"Scritto da\" \/>\n\t<meta name=\"twitter:data1\" content=\"Cast\" \/>\n\t<meta name=\"twitter:label2\" content=\"Tempo di lettura stimato\" \/>\n\t<meta name=\"twitter:data2\" content=\"6 minuti\" \/>\n<script type=\"application\/ld+json\" class=\"yoast-schema-graph\">{\"@context\":\"https:\/\/schema.org\",\"@graph\":[{\"@type\":\"Article\",\"@id\":\"https:\/\/www.bolzonelladivise.com\/it\/blog\/perche-la-scelta-della-divisa-non-dovrebbe-essere-un-fattore-di-gusto-personale\/#article\",\"isPartOf\":{\"@id\":\"https:\/\/www.bolzonelladivise.com\/it\/blog\/perche-la-scelta-della-divisa-non-dovrebbe-essere-un-fattore-di-gusto-personale\/\"},\"author\":{\"name\":\"Cast\",\"@id\":\"https:\/\/www.bolzonelladivise.com\/it\/#\/schema\/person\/dec87bb2da599f7bf7a61c5b1e60ca33\"},\"headline\":\"Perch\u00e9 la scelta della divisa non dovrebbe essere un fattore di gusto personale\",\"datePublished\":\"2021-03-05T08:58:00+00:00\",\"dateModified\":\"2024-07-02T14:22:10+00:00\",\"mainEntityOfPage\":{\"@id\":\"https:\/\/www.bolzonelladivise.com\/it\/blog\/perche-la-scelta-della-divisa-non-dovrebbe-essere-un-fattore-di-gusto-personale\/\"},\"wordCount\":979,\"image\":{\"@id\":\"https:\/\/www.bolzonelladivise.com\/it\/blog\/perche-la-scelta-della-divisa-non-dovrebbe-essere-un-fattore-di-gusto-personale\/#primaryimage\"},\"thumbnailUrl\":\"https:\/\/www.bolzonelladivise.com\/wp-content\/uploads\/scelta-della-divisa.jpg\",\"keywords\":[\"divise da lavoro eleganti\",\"immagine aziendale\"],\"articleSection\":[\"Consigli Bolzonella Divise\"],\"inLanguage\":\"it-IT\"},{\"@type\":\"WebPage\",\"@id\":\"https:\/\/www.bolzonelladivise.com\/it\/blog\/perche-la-scelta-della-divisa-non-dovrebbe-essere-un-fattore-di-gusto-personale\/\",\"url\":\"https:\/\/www.bolzonelladivise.com\/it\/blog\/perche-la-scelta-della-divisa-non-dovrebbe-essere-un-fattore-di-gusto-personale\/\",\"name\":\"Scelta della divisa: perch\u00e9 non deve seguire il gusto personale\",\"isPartOf\":{\"@id\":\"https:\/\/www.bolzonelladivise.com\/it\/#website\"},\"primaryImageOfPage\":{\"@id\":\"https:\/\/www.bolzonelladivise.com\/it\/blog\/perche-la-scelta-della-divisa-non-dovrebbe-essere-un-fattore-di-gusto-personale\/#primaryimage\"},\"image\":{\"@id\":\"https:\/\/www.bolzonelladivise.com\/it\/blog\/perche-la-scelta-della-divisa-non-dovrebbe-essere-un-fattore-di-gusto-personale\/#primaryimage\"},\"thumbnailUrl\":\"https:\/\/www.bolzonelladivise.com\/wp-content\/uploads\/scelta-della-divisa.jpg\",\"datePublished\":\"2021-03-05T08:58:00+00:00\",\"dateModified\":\"2024-07-02T14:22:10+00:00\",\"author\":{\"@id\":\"https:\/\/www.bolzonelladivise.com\/it\/#\/schema\/person\/dec87bb2da599f7bf7a61c5b1e60ca33\"},\"description\":\"Scegliere la divisa aziendale per il proprio staff \u00e8 una fase delicata che merita tempo e ricerca. Scopri perch\u00e8 non dovrebbe limitarsi al gusto personale.\",\"breadcrumb\":{\"@id\":\"https:\/\/www.bolzonelladivise.com\/it\/blog\/perche-la-scelta-della-divisa-non-dovrebbe-essere-un-fattore-di-gusto-personale\/#breadcrumb\"},\"inLanguage\":\"it-IT\",\"potentialAction\":[{\"@type\":\"ReadAction\",\"target\":[\"https:\/\/www.bolzonelladivise.com\/it\/blog\/perche-la-scelta-della-divisa-non-dovrebbe-essere-un-fattore-di-gusto-personale\/\"]}]},{\"@type\":\"ImageObject\",\"inLanguage\":\"it-IT\",\"@id\":\"https:\/\/www.bolzonelladivise.com\/it\/blog\/perche-la-scelta-della-divisa-non-dovrebbe-essere-un-fattore-di-gusto-personale\/#primaryimage\",\"url\":\"https:\/\/www.bolzonelladivise.com\/wp-content\/uploads\/scelta-della-divisa.jpg\",\"contentUrl\":\"https:\/\/www.bolzonelladivise.com\/wp-content\/uploads\/scelta-della-divisa.jpg\",\"width\":1198,\"height\":402},{\"@type\":\"BreadcrumbList\",\"@id\":\"https:\/\/www.bolzonelladivise.com\/it\/blog\/perche-la-scelta-della-divisa-non-dovrebbe-essere-un-fattore-di-gusto-personale\/#breadcrumb\",\"itemListElement\":[{\"@type\":\"ListItem\",\"position\":1,\"name\":\"Home\",\"item\":\"https:\/\/www.bolzonelladivise.com\/it\/\"},{\"@type\":\"ListItem\",\"position\":2,\"name\":\"Perch\u00e9 la scelta della divisa non dovrebbe essere un fattore di gusto personale\"}]},{\"@type\":\"WebSite\",\"@id\":\"https:\/\/www.bolzonelladivise.com\/it\/#website\",\"url\":\"https:\/\/www.bolzonelladivise.com\/it\/\",\"name\":\"Bolzonella Divise\",\"description\":\"Under Construction\",\"potentialAction\":[{\"@type\":\"SearchAction\",\"target\":{\"@type\":\"EntryPoint\",\"urlTemplate\":\"https:\/\/www.bolzonelladivise.com\/it\/?s={search_term_string}\"},\"query-input\":{\"@type\":\"PropertyValueSpecification\",\"valueRequired\":true,\"valueName\":\"search_term_string\"}}],\"inLanguage\":\"it-IT\"},{\"@type\":\"Person\",\"@id\":\"https:\/\/www.bolzonelladivise.com\/it\/#\/schema\/person\/dec87bb2da599f7bf7a61c5b1e60ca33\",\"name\":\"Cast\",\"image\":{\"@type\":\"ImageObject\",\"inLanguage\":\"it-IT\",\"@id\":\"https:\/\/www.bolzonelladivise.com\/it\/#\/schema\/person\/image\/\",\"url\":\"https:\/\/secure.gravatar.com\/avatar\/a9a949f5714b63bab553a7bca86d170030aa5f14de625881327388a5e2a4797d?s=96&d=mm&r=g\",\"contentUrl\":\"https:\/\/secure.gravatar.com\/avatar\/a9a949f5714b63bab553a7bca86d170030aa5f14de625881327388a5e2a4797d?s=96&d=mm&r=g\",\"caption\":\"Cast\"},\"url\":\"https:\/\/www.bolzonelladivise.com\/it\/author\/cast-bolzonella\/\"}]}<\/script>\n<!-- \/ Yoast SEO plugin. -->","yoast_head_json":{"title":"Scelta della divisa: perch\u00e9 non deve seguire il gusto personale","description":"Scegliere la divisa aziendale per il proprio staff \u00e8 una fase delicata che merita tempo e ricerca. Scopri perch\u00e8 non dovrebbe limitarsi al gusto personale.","robots":{"index":"index","follow":"follow","max-snippet":"max-snippet:-1","max-image-preview":"max-image-preview:large","max-video-preview":"max-video-preview:-1"},"canonical":"https:\/\/www.bolzonelladivise.com\/it\/blog\/perche-la-scelta-della-divisa-non-dovrebbe-essere-un-fattore-di-gusto-personale\/","og_locale":"it_IT","og_type":"article","og_title":"Scelta della divisa: perch\u00e9 non deve seguire il gusto personale","og_description":"Scegliere la divisa aziendale per il proprio staff \u00e8 una fase delicata che merita tempo e ricerca. Scopri perch\u00e8 non dovrebbe limitarsi al gusto personale.","og_url":"https:\/\/www.bolzonelladivise.com\/it\/blog\/perche-la-scelta-della-divisa-non-dovrebbe-essere-un-fattore-di-gusto-personale\/","og_site_name":"Bolzonella Divise","article_published_time":"2021-03-05T08:58:00+00:00","article_modified_time":"2024-07-02T14:22:10+00:00","og_image":[{"width":1198,"height":402,"url":"https:\/\/www.bolzonelladivise.com\/wp-content\/uploads\/scelta-della-divisa.jpg","type":"image\/jpeg"}],"author":"Cast","twitter_card":"summary_large_image","twitter_misc":{"Scritto da":"Cast","Tempo di lettura stimato":"6 minuti"},"schema":{"@context":"https:\/\/schema.org","@graph":[{"@type":"Article","@id":"https:\/\/www.bolzonelladivise.com\/it\/blog\/perche-la-scelta-della-divisa-non-dovrebbe-essere-un-fattore-di-gusto-personale\/#article","isPartOf":{"@id":"https:\/\/www.bolzonelladivise.com\/it\/blog\/perche-la-scelta-della-divisa-non-dovrebbe-essere-un-fattore-di-gusto-personale\/"},"author":{"name":"Cast","@id":"https:\/\/www.bolzonelladivise.com\/it\/#\/schema\/person\/dec87bb2da599f7bf7a61c5b1e60ca33"},"headline":"Perch\u00e9 la scelta della divisa non dovrebbe essere un fattore di gusto personale","datePublished":"2021-03-05T08:58:00+00:00","dateModified":"2024-07-02T14:22:10+00:00","mainEntityOfPage":{"@id":"https:\/\/www.bolzonelladivise.com\/it\/blog\/perche-la-scelta-della-divisa-non-dovrebbe-essere-un-fattore-di-gusto-personale\/"},"wordCount":979,"image":{"@id":"https:\/\/www.bolzonelladivise.com\/it\/blog\/perche-la-scelta-della-divisa-non-dovrebbe-essere-un-fattore-di-gusto-personale\/#primaryimage"},"thumbnailUrl":"https:\/\/www.bolzonelladivise.com\/wp-content\/uploads\/scelta-della-divisa.jpg","keywords":["divise da lavoro eleganti","immagine aziendale"],"articleSection":["Consigli Bolzonella Divise"],"inLanguage":"it-IT"},{"@type":"WebPage","@id":"https:\/\/www.bolzonelladivise.com\/it\/blog\/perche-la-scelta-della-divisa-non-dovrebbe-essere-un-fattore-di-gusto-personale\/","url":"https:\/\/www.bolzonelladivise.com\/it\/blog\/perche-la-scelta-della-divisa-non-dovrebbe-essere-un-fattore-di-gusto-personale\/","name":"Scelta della divisa: perch\u00e9 non deve seguire il gusto personale","isPartOf":{"@id":"https:\/\/www.bolzonelladivise.com\/it\/#website"},"primaryImageOfPage":{"@id":"https:\/\/www.bolzonelladivise.com\/it\/blog\/perche-la-scelta-della-divisa-non-dovrebbe-essere-un-fattore-di-gusto-personale\/#primaryimage"},"image":{"@id":"https:\/\/www.bolzonelladivise.com\/it\/blog\/perche-la-scelta-della-divisa-non-dovrebbe-essere-un-fattore-di-gusto-personale\/#primaryimage"},"thumbnailUrl":"https:\/\/www.bolzonelladivise.com\/wp-content\/uploads\/scelta-della-divisa.jpg","datePublished":"2021-03-05T08:58:00+00:00","dateModified":"2024-07-02T14:22:10+00:00","author":{"@id":"https:\/\/www.bolzonelladivise.com\/it\/#\/schema\/person\/dec87bb2da599f7bf7a61c5b1e60ca33"},"description":"Scegliere la divisa aziendale per il proprio staff \u00e8 una fase delicata che merita tempo e ricerca. Scopri perch\u00e8 non dovrebbe limitarsi al gusto personale.","breadcrumb":{"@id":"https:\/\/www.bolzonelladivise.com\/it\/blog\/perche-la-scelta-della-divisa-non-dovrebbe-essere-un-fattore-di-gusto-personale\/#breadcrumb"},"inLanguage":"it-IT","potentialAction":[{"@type":"ReadAction","target":["https:\/\/www.bolzonelladivise.com\/it\/blog\/perche-la-scelta-della-divisa-non-dovrebbe-essere-un-fattore-di-gusto-personale\/"]}]},{"@type":"ImageObject","inLanguage":"it-IT","@id":"https:\/\/www.bolzonelladivise.com\/it\/blog\/perche-la-scelta-della-divisa-non-dovrebbe-essere-un-fattore-di-gusto-personale\/#primaryimage","url":"https:\/\/www.bolzonelladivise.com\/wp-content\/uploads\/scelta-della-divisa.jpg","contentUrl":"https:\/\/www.bolzonelladivise.com\/wp-content\/uploads\/scelta-della-divisa.jpg","width":1198,"height":402},{"@type":"BreadcrumbList","@id":"https:\/\/www.bolzonelladivise.com\/it\/blog\/perche-la-scelta-della-divisa-non-dovrebbe-essere-un-fattore-di-gusto-personale\/#breadcrumb","itemListElement":[{"@type":"ListItem","position":1,"name":"Home","item":"https:\/\/www.bolzonelladivise.com\/it\/"},{"@type":"ListItem","position":2,"name":"Perch\u00e9 la scelta della divisa non dovrebbe essere un fattore di gusto personale"}]},{"@type":"WebSite","@id":"https:\/\/www.bolzonelladivise.com\/it\/#website","url":"https:\/\/www.bolzonelladivise.com\/it\/","name":"Bolzonella Divise","description":"Under Construction","potentialAction":[{"@type":"SearchAction","target":{"@type":"EntryPoint","urlTemplate":"https:\/\/www.bolzonelladivise.com\/it\/?s={search_term_string}"},"query-input":{"@type":"PropertyValueSpecification","valueRequired":true,"valueName":"search_term_string"}}],"inLanguage":"it-IT"},{"@type":"Person","@id":"https:\/\/www.bolzonelladivise.com\/it\/#\/schema\/person\/dec87bb2da599f7bf7a61c5b1e60ca33","name":"Cast","image":{"@type":"ImageObject","inLanguage":"it-IT","@id":"https:\/\/www.bolzonelladivise.com\/it\/#\/schema\/person\/image\/","url":"https:\/\/secure.gravatar.com\/avatar\/a9a949f5714b63bab553a7bca86d170030aa5f14de625881327388a5e2a4797d?s=96&d=mm&r=g","contentUrl":"https:\/\/secure.gravatar.com\/avatar\/a9a949f5714b63bab553a7bca86d170030aa5f14de625881327388a5e2a4797d?s=96&d=mm&r=g","caption":"Cast"},"url":"https:\/\/www.bolzonelladivise.com\/it\/author\/cast-bolzonella\/"}]}},"_links":{"self":[{"href":"https:\/\/www.bolzonelladivise.com\/it\/wp-json\/wp\/v2\/posts\/19812","targetHints":{"allow":["GET"]}}],"collection":[{"href":"https:\/\/www.bolzonelladivise.com\/it\/wp-json\/wp\/v2\/posts"}],"about":[{"href":"https:\/\/www.bolzonelladivise.com\/it\/wp-json\/wp\/v2\/types\/post"}],"author":[{"embeddable":true,"href":"https:\/\/www.bolzonelladivise.com\/it\/wp-json\/wp\/v2\/users\/3"}],"replies":[{"embeddable":true,"href":"https:\/\/www.bolzonelladivise.com\/it\/wp-json\/wp\/v2\/comments?post=19812"}],"version-history":[{"count":0,"href":"https:\/\/www.bolzonelladivise.com\/it\/wp-json\/wp\/v2\/posts\/19812\/revisions"}],"wp:featuredmedia":[{"embeddable":true,"href":"https:\/\/www.bolzonelladivise.com\/it\/wp-json\/wp\/v2\/media\/19814"}],"wp:attachment":[{"href":"https:\/\/www.bolzonelladivise.com\/it\/wp-json\/wp\/v2\/media?parent=19812"}],"wp:term":[{"taxonomy":"category","embeddable":true,"href":"https:\/\/www.bolzonelladivise.com\/it\/wp-json\/wp\/v2\/categories?post=19812"},{"taxonomy":"post_tag","embeddable":true,"href":"https:\/\/www.bolzonelladivise.com\/it\/wp-json\/wp\/v2\/tags?post=19812"}],"curies":[{"name":"wp","href":"https:\/\/api.w.org\/{rel}","templated":true}]}}