{"id":19788,"date":"2021-02-26T17:16:37","date_gmt":"2021-02-26T16:16:37","guid":{"rendered":"https:\/\/www.bolzonelladivise.com?p=19788"},"modified":"2024-07-02T18:02:15","modified_gmt":"2024-07-02T16:02:15","slug":"divisa-da-lavoro-quello-che-puo-e-non-puo-fare-per-la-tua-immagine-aziendale","status":"publish","type":"post","link":"https:\/\/www.bolzonelladivise.com\/it\/blog\/divisa-da-lavoro-quello-che-puo-e-non-puo-fare-per-la-tua-immagine-aziendale\/","title":{"rendered":"Divisa da lavoro: quello che pu\u00f2 e non pu\u00f2 fare per la tua immagine aziendale"},"content":{"rendered":"\t\t<div data-elementor-type=\"wp-post\" data-elementor-id=\"19788\" class=\"elementor elementor-19788\" data-elementor-post-type=\"post\">\n\t\t\t\t\t\t<section class=\"elementor-section elementor-top-section elementor-element elementor-element-543085be elementor-section-boxed elementor-section-height-default elementor-section-height-default\" data-id=\"543085be\" data-element_type=\"section\">\n\t\t\t\t\t\t<div class=\"elementor-container elementor-column-gap-default\">\n\t\t\t\t\t<div class=\"elementor-column elementor-col-100 elementor-top-column elementor-element elementor-element-5fffe315\" data-id=\"5fffe315\" data-element_type=\"column\">\n\t\t\t<div class=\"elementor-widget-wrap elementor-element-populated\">\n\t\t\t\t\t\t<div class=\"elementor-element elementor-element-18861bf3 elementor-widget elementor-widget-image\" data-id=\"18861bf3\" data-element_type=\"widget\" data-widget_type=\"image.default\">\n\t\t\t\t<div class=\"elementor-widget-container\">\n\t\t\t\t\t\t\t\t\t\t\t\t\t\t\t<img fetchpriority=\"high\" decoding=\"async\" width=\"1198\" height=\"402\" src=\"https:\/\/www.bolzonelladivise.com\/wp-content\/uploads\/divisa-da-lavoro.jpg\" class=\"attachment-full size-full wp-image-19790\" alt=\"\" srcset=\"https:\/\/www.bolzonelladivise.com\/wp-content\/uploads\/divisa-da-lavoro.jpg 1198w, https:\/\/www.bolzonelladivise.com\/wp-content\/uploads\/divisa-da-lavoro-800x268.jpg 800w, https:\/\/www.bolzonelladivise.com\/wp-content\/uploads\/divisa-da-lavoro-300x101.jpg 300w, https:\/\/www.bolzonelladivise.com\/wp-content\/uploads\/divisa-da-lavoro-150x50.jpg 150w, https:\/\/www.bolzonelladivise.com\/wp-content\/uploads\/divisa-da-lavoro-768x258.jpg 768w\" sizes=\"(max-width: 1198px) 100vw, 1198px\" \/>\t\t\t\t\t\t\t\t\t\t\t\t\t\t\t<\/div>\n\t\t\t\t<\/div>\n\t\t\t\t<div class=\"elementor-element elementor-element-7f21ebbc elementor-hidden-tablet elementor-hidden-phone elementor-widget elementor-widget-text-editor\" data-id=\"7f21ebbc\" data-element_type=\"widget\" data-widget_type=\"text-editor.default\">\n\t\t\t\t<div class=\"elementor-widget-container\">\n\t\t\t\t\t\t\t\t\t<h1 style=\"text-align: justify;\">Divisa da lavoro: quello che pu\u00f2 e non pu\u00f2 fare per la tua immagine aziendale<\/h1>\t\t\t\t\t\t\t\t<\/div>\n\t\t\t\t<\/div>\n\t\t\t\t\t<\/div>\n\t\t<\/div>\n\t\t\t\t\t<\/div>\n\t\t<\/section>\n\t\t\t\t<section class=\"elementor-section elementor-top-section elementor-element elementor-element-14f27f0b elementor-section-boxed elementor-section-height-default elementor-section-height-default\" data-id=\"14f27f0b\" data-element_type=\"section\">\n\t\t\t\t\t\t<div class=\"elementor-container elementor-column-gap-default\">\n\t\t\t\t\t<div class=\"elementor-column elementor-col-100 elementor-top-column elementor-element elementor-element-2f2762b7\" data-id=\"2f2762b7\" data-element_type=\"column\">\n\t\t\t<div class=\"elementor-widget-wrap elementor-element-populated\">\n\t\t\t\t\t\t<div class=\"elementor-element elementor-element-513cf62f elementor-widget elementor-widget-text-editor\" data-id=\"513cf62f\" data-element_type=\"widget\" data-widget_type=\"text-editor.default\">\n\t\t\t\t<div class=\"elementor-widget-container\">\n\t\t\t\t\t\t\t\t\t<p style=\"text-align: justify;\"><span style=\"font-weight: 400;\">Ogni impresa dovrebbe dedicare attenzione alla cura della propria <\/span><b>immagine aziendale<\/b><span style=\"font-weight: 400;\">. Questa, infatti, influisce sotto diversi aspetti a livello professionale e facilita la buona riuscita delle relazioni dentro e fuori l\u2019ufficio. Per poter migliorare l\u2019ambiente, e quindi la performance lavorativa della propria realt\u00e0, \u00e8 bene essere consapevoli dei <\/span><b>vantaggi<\/b><span style=\"font-weight: 400;\"> che garantisce una buona <\/span><b>divisa da lavoro<\/b><span style=\"font-weight: 400;\">, ma anche dei suoi limiti. Cosa pu\u00f2 e cosa non pu\u00f2 fare? Vediamo di approfondirlo insieme all\u2019interno di questo articolo.\u00a0<\/span><\/p><h2 style=\"text-align: justify;\"><span style=\"font-weight: 400;\">I vantaggi della divisa da lavoro<\/span><\/h2><p style=\"text-align: justify;\"><span style=\"font-weight: 400;\">La divisa da lavoro rappresenta sicuramente un <\/span><i><span style=\"font-weight: 400;\">plus<\/span><\/i><span style=\"font-weight: 400;\"> per un\u2019azienda. <\/span><b>Definisce in modo univoco lo stile<\/b><span style=\"font-weight: 400;\"> che si intende trasmettere e permette di valorizzare il personale, rendendolo vicino ai clienti. Essa rafforza l\u2019immagine dell\u2019azienda: pi\u00f9 sar\u00e0 forte, pi\u00f9 sar\u00e0 riconoscibile, differenziandosi da quella dei competitor.\u00a0<\/span><\/p><h3 style=\"text-align: justify;\"><span style=\"font-weight: 400;\">Definisce l\u2019immagine aziendale<\/span><\/h3><p style=\"text-align: justify;\"><span style=\"font-weight: 400;\">La prima impressione che si trasmette ai clienti, ai dipendenti e alle persone che circondano la tua attivit\u00e0, \u00e8 veicolata attraverso <\/span><b>l\u2019immagine aziendale<\/b><span style=\"font-weight: 400;\">. Essa viene sviluppata sotto diversi punti di vista: dal logo e i colori che rappresentano l\u2019azienda, all\u2019arredo e mobilio che la completano e accolgono i clienti, fino alla <\/span><b>divisa da lavoro del personale<\/b><span style=\"font-weight: 400;\">. Essa \u00e8 quindi definita dalla <\/span><b>coordinazione tra immagine digitale e fisica<\/b><span style=\"font-weight: 400;\"> dell\u2019azienda: brochure e pubblicit\u00e0 cartacea saranno in linea con il sito web e i contenuti dei social network.\u00a0<\/span><\/p><p style=\"text-align: justify;\"><span style=\"font-weight: 400;\">Tutti questi elementi prendono spunto e derivano dai <\/span><b>valori<\/b><span style=\"font-weight: 400;\"> e dallo <\/span><b>stile comunicativo<\/b><span style=\"font-weight: 400;\"> scelto dall\u2019azienda. Definita la linea che si intende seguire e che trasmette a pieno l\u2019anima imprenditoriale, si potr\u00e0 sviluppare una <\/span><b>divisa da lavoro coordinata<\/b><span style=\"font-weight: 400;\"> che rafforza e definisce l\u2019immagine aziendale. Essa si baser\u00e0 quindi sui colori aziendali e sullo stile, elegante o pi\u00f9 casual, dell\u2019azienda.\u00a0<\/span><\/p><h3 style=\"text-align: justify;\"><span style=\"font-weight: 400;\">Sviluppa la coesione nel personale<\/span><\/h3><p style=\"text-align: justify;\"><span style=\"font-weight: 400;\">Un <\/span><i><span style=\"font-weight: 400;\">plus<\/span><\/i><span style=\"font-weight: 400;\"> sicuramente da considerare \u00e8 il fatto che la divisa da lavoro permette di <\/span><b>rendere i dipendenti un vero e proprio gruppo<\/b><span style=\"font-weight: 400;\">. Anche nelle aziende pi\u00f9 grandi, infatti, consente di distinguere a colpo d\u2019occhio le persone che compongono il personale, facilitandone la cooperazione e quindi una serenit\u00e0 d\u2019ambiente. Nonostante i molteplici ruoli professionali che possono essere presenti all\u2019interno di un\u2019azienda, la divisa da lavoro diventa il filo che lega e unisce tutti i dipendenti: <\/span><b>essi incarnano e trasmettono gli stessi valori, sentendosi parte della stessa unica realt\u00e0.\u00a0<\/b><\/p><h3 style=\"text-align: justify;\"><span style=\"font-weight: 400;\">Rassicura il cliente<\/span><\/h3><p style=\"text-align: justify;\"><span style=\"font-weight: 400;\">Riconoscere immediatamente il personale aziendale, facilita non solo la cooperazione interna, ma anche la relazione con i clienti. Questi, infatti, possono <\/span><b>capire immediatamente chi fa parte dell&#8217;impresa per rivolgersi al personale in modo puntuale e con sicurezza nel momento di necessit\u00e0<\/b><span style=\"font-weight: 400;\">. La divisa da lavoro mette a proprio agio il cliente che comprende facilmente quali persone possono essergli d\u2019aiuto, favorendo un\u2019esperienza positiva e quindi duratura con l\u2019azienda.\u00a0<\/span><\/p><h2 style=\"text-align: justify;\"><span style=\"font-weight: 400;\">Ci\u00f2 che deve accompagnare la divisa da lavoro<\/span><\/h2><p style=\"text-align: justify;\"><span style=\"font-weight: 400;\"><img decoding=\"async\" class=\"size-full wp-image-19792 alignright\" src=\"https:\/\/www.bolzonelladivise.com\/wp-content\/uploads\/divisa-da-lavoro-1.jpg\" alt=\"\" width=\"350\" height=\"500\" srcset=\"https:\/\/www.bolzonelladivise.com\/wp-content\/uploads\/divisa-da-lavoro-1.jpg 350w, https:\/\/www.bolzonelladivise.com\/wp-content\/uploads\/divisa-da-lavoro-1-210x300.jpg 210w, https:\/\/www.bolzonelladivise.com\/wp-content\/uploads\/divisa-da-lavoro-1-105x150.jpg 105w\" sizes=\"(max-width: 350px) 100vw, 350px\" \/>Come abbiamo sottolineato poco sopra, <\/span><b>l\u2019allineamento di tutti gli elementi che compongono l\u2019immagine aziendale<\/b><span style=\"font-weight: 400;\"> \u00e8 fondamentale per trasmettere un messaggio univoco e forte, conquistando e costruendo l\u2019idea positiva che le persone si fanno di una realt\u00e0. Quando ci\u00f2 non avviene, viene a crearsi una dissonanza che risulta controproducente per l\u2019azienda.<\/span><\/p><h3 style=\"text-align: justify;\"><span style=\"font-weight: 400;\">Coordinazione di tutta l\u2019immagine aziendale<\/span><\/h3><p style=\"text-align: justify;\"><span style=\"font-weight: 400;\">Se infatti l\u2019ambiente aziendale \u00e8 estremamente elegante e curato, ma l\u2019aspetto del personale risulta scialbo o estremamente casual, andr\u00e0 a crearsi un contrasto nel messaggio trasmesso che confonde i visitatori e compromette la sfiducia nei confronti dell\u2019azienda. Lo stesso accadr\u00e0 a parti invertite: una divisa da lavoro estremamente studiata e ben fatta, posta in un ambiente anonimo e desueto non pu\u00f2 che risultare incompatibile agli occhi esterni.\u00a0<\/span><\/p><p style=\"text-align: justify;\"><span style=\"font-weight: 400;\">Per questo \u00e8 bene comprendere come <\/span><b>la divisa da lavoro \u00e8 funzionale quando posta in una realt\u00e0 coordinata e ben pensata<\/b><span style=\"font-weight: 400;\">. Nulla va lasciato al caso: pi\u00f9 l\u2019immagine aziendale sar\u00e0 curata in ogni suo dettaglio, maggiormente sar\u00e0 in grado di trasmettere i valori aziendali, facilitando le relazioni utili alla propria realt\u00e0.<\/span><\/p><h3 style=\"text-align: justify;\"><span style=\"font-weight: 400;\">Il contributo del personale\u00a0<\/span><\/h3><p style=\"text-align: justify;\"><span style=\"font-weight: 400;\">Una buona divisa da lavoro non garantisce necessariamente un buon rapporto con i clienti. Essa facilita un\u2019apertura nella relazione tra le due parti, ma <\/span><b>non pu\u00f2 certo sostituirsi a una cordialit\u00e0 e disponibilit\u00e0 che derivano dall\u2019atteggiamento delle persone.<\/b><span style=\"font-weight: 400;\">\u00a0<\/span><\/p><p style=\"text-align: justify;\"><span style=\"font-weight: 400;\">Una modalit\u00e0 di approccio positiva e serena andr\u00e0 a rafforzare il valore della divisa da lavoro: <\/span><b>ogni persona del team<\/b><span style=\"font-weight: 400;\">, infatti, <\/span><b>rappresenta l\u2019azienda<\/b><span style=\"font-weight: 400;\"> e attraverso la relazione che instaura con il cliente permette di <\/span><b>infondere credibilit\u00e0, seriet\u00e0 e professionalit\u00e0 al marchio che rappresenta<\/b><span style=\"font-weight: 400;\">. Il contributo del personale \u00e8 quindi essenziale: \u00e8 importante trasmettere la giusta motivazione per alimentare il valore dell\u2019abito.\u00a0<\/span><\/p><p style=\"text-align: justify;\"><span style=\"font-weight: 400;\">FORMAZIONE DEL PERSONALE<\/span><\/p><h2 style=\"text-align: justify;\"><span style=\"font-weight: 400;\">Come realizzare la divisa da lavoro perfetta?<\/span><\/h2><p style=\"text-align: justify;\"><span style=\"font-weight: 400;\">Se hai gi\u00e0 definito lo stile e i valori che distinguono la tua realt\u00e0 imprenditoriale, la divisa da lavoro del tuo personale dovr\u00e0 ispirarsi a questi aspetti.\u00a0<\/span><\/p><p style=\"text-align: justify;\"><b>Prediligi uno stile minimal? <\/b><span style=\"font-weight: 400;\">Abiti semplici in tinta unita, ti permetteranno di incorporarlo al meglio. La camicia ti permetter\u00e0 di essere pi\u00f9 elegante, insieme a un completo abbinato; altrimenti, per uno stile pi\u00f9 pratico e informale, t-shirt, polo e maglioni potranno rispondere alla tua esigenze.<\/span><\/p><p style=\"text-align: justify;\"><b>Desideri invece trasmettere maggior originalit\u00e0 e distinguere con estro la tua divisa da qualsiasi altra?<\/b><span style=\"font-weight: 400;\"> Esistono infinite trame e fantasie da cui puoi attingere per trovare quella che pi\u00f9 si addice alla tua azienda. Gli accessori, inoltre, permettono di esaltare un capo conferendogli vivacit\u00e0 e un aspetto curato fino al dettaglio.\u00a0<\/span><\/p><p style=\"text-align: justify;\"><span style=\"font-weight: 400;\">Se ti sembra un compito troppo difficile e desideri il consiglio di un professionista, <\/span><b>Bolzonella Divise<\/b><span style=\"font-weight: 400;\"> si occupa da anni di fornire le migliori soluzioni alle aziende, perch\u00e9 le divise da lavoro incarnino al meglio l\u2019azienda e i suoi valori. Scopri qui tutti i dettagli e i <\/span><a href=\"https:\/\/www.bolzonelladivise.com\/it\/cast-bolzonella-divise\/#PLUS\"><span style=\"font-weight: 400;\">plus<\/span><\/a><span style=\"font-weight: 400;\">.<\/span><\/p><h2 style=\"text-align: justify;\"><span style=\"font-weight: 400;\">Conclusioni\u2026<\/span><\/h2><p style=\"text-align: justify;\"><span style=\"font-weight: 400;\">La <\/span><b>divisa da lavoro<\/b><span style=\"font-weight: 400;\"> \u00e8 uno degli elementi che costituisce l\u2019immagine aziendale, trasmettendola in modo chiaro e definito all\u2019esterno. Attraverso gli abiti coordinati si <\/span><b>esaltano i valori<\/b><span style=\"font-weight: 400;\"> della propria realt\u00e0, favorendo una <\/span><b>coesione del team<\/b><span style=\"font-weight: 400;\"> e un\u2019apertura nella <\/span><b>relazione personale-cliente<\/b><span style=\"font-weight: 400;\">. Il suo vantaggio si rafforza quando vi \u00e8 un <\/span><b>allineamento tra tutti gli elementi che compongono l\u2019immagine imprenditoriale<\/b><span style=\"font-weight: 400;\"> e quando il personale non solo indossa, ma incarna nelle azioni i valori che si intende trasmettere. Essa rappresenta quindi un vantaggio competitivo non indifferente per lo sviluppo della propria realt\u00e0.\u00a0<\/span><\/p><p style=\"text-align: justify;\"><span style=\"font-weight: 400;\">Desideri realizzare la divisa da lavoro che meglio rappresenta i valori della tua azienda? <\/span><span style=\"text-decoration: underline;\"><a href=\"https:\/\/www.bolzonelladivise.com\/it\/contatti\/\"><span style=\"font-weight: 400;\">Contattaci<\/span><\/a><\/span><span style=\"font-weight: 400;\">: <\/span><b>Bolzonella Divise <\/b><span style=\"font-weight: 400;\">\u00e8 pronta a studiare insieme a te la soluzione su misura per la tua realt\u00e0.\u00a0\u00a0<\/span><\/p>\t\t\t\t\t\t\t\t<\/div>\n\t\t\t\t<\/div>\n\t\t\t\t\t<\/div>\n\t\t<\/div>\n\t\t\t\t\t<\/div>\n\t\t<\/section>\n\t\t\t\t<section class=\"elementor-section elementor-inner-section elementor-element elementor-element-6880bcd1 elementor-section-content-middle elementor-section-boxed elementor-section-height-default elementor-section-height-default\" data-id=\"6880bcd1\" data-element_type=\"section\">\n\t\t\t\t\t\t<div class=\"elementor-container elementor-column-gap-default\">\n\t\t\t\t\t<div class=\"elementor-column elementor-col-50 elementor-inner-column elementor-element elementor-element-d605c55\" data-id=\"d605c55\" data-element_type=\"column\">\n\t\t\t<div class=\"elementor-widget-wrap elementor-element-populated\">\n\t\t\t\t\t\t<div class=\"elementor-element elementor-element-778f596 elementor-widget elementor-widget-text-editor\" data-id=\"778f596\" data-element_type=\"widget\" data-widget_type=\"text-editor.default\">\n\t\t\t\t<div class=\"elementor-widget-container\">\n\t\t\t\t\t\t\t\t\t<h4 style=\"text-align: justify; margin:0px;\">Hai trovato interessante questo articolo? Condividilo!<\/h4>\t\t\t\t\t\t\t\t<\/div>\n\t\t\t\t<\/div>\n\t\t\t\t\t<\/div>\n\t\t<\/div>\n\t\t\t\t<div class=\"elementor-column elementor-col-50 elementor-inner-column elementor-element elementor-element-359b6704\" data-id=\"359b6704\" data-element_type=\"column\">\n\t\t\t<div class=\"elementor-widget-wrap elementor-element-populated\">\n\t\t\t\t\t\t<div class=\"elementor-element elementor-element-61268912 elementor-share-buttons--view-icon elementor-share-buttons--shape-circle elementor-share-buttons--skin-gradient elementor-grid-0 elementor-share-buttons--color-official elementor-widget elementor-widget-share-buttons\" data-id=\"61268912\" data-element_type=\"widget\" data-widget_type=\"share-buttons.default\">\n\t\t\t\t<div class=\"elementor-widget-container\">\n\t\t\t\t\t\t\t<div class=\"elementor-grid\" role=\"list\">\n\t\t\t\t\t\t\t\t<div class=\"elementor-grid-item\" role=\"listitem\">\n\t\t\t\t\t\t<div class=\"elementor-share-btn elementor-share-btn_facebook\" role=\"button\" tabindex=\"0\" aria-label=\"Condividi su facebook\">\n\t\t\t\t\t\t\t\t\t\t\t\t\t\t\t<span class=\"elementor-share-btn__icon\">\n\t\t\t\t\t\t\t\t<svg aria-hidden=\"true\" class=\"e-font-icon-svg e-fab-facebook\" viewBox=\"0 0 512 512\" xmlns=\"http:\/\/www.w3.org\/2000\/svg\"><path d=\"M504 256C504 119 393 8 256 8S8 119 8 256c0 123.78 90.69 226.38 209.25 245V327.69h-63V256h63v-54.64c0-62.15 37-96.48 93.67-96.48 27.14 0 55.52 4.84 55.52 4.84v61h-31.28c-30.8 0-40.41 19.12-40.41 38.73V256h68.78l-11 71.69h-57.78V501C413.31 482.38 504 379.78 504 256z\"><\/path><\/svg>\t\t\t\t\t\t\t<\/span>\n\t\t\t\t\t\t\t\t\t\t\t\t\t\t\t\t\t\t\t\t<\/div>\n\t\t\t\t\t<\/div>\n\t\t\t\t\t\t\t\t\t<div class=\"elementor-grid-item\" role=\"listitem\">\n\t\t\t\t\t\t<div class=\"elementor-share-btn elementor-share-btn_twitter\" role=\"button\" tabindex=\"0\" aria-label=\"Condividi su twitter\">\n\t\t\t\t\t\t\t\t\t\t\t\t\t\t\t<span class=\"elementor-share-btn__icon\">\n\t\t\t\t\t\t\t\t<svg aria-hidden=\"true\" class=\"e-font-icon-svg e-fab-twitter\" viewBox=\"0 0 512 512\" xmlns=\"http:\/\/www.w3.org\/2000\/svg\"><path d=\"M459.37 151.716c.325 4.548.325 9.097.325 13.645 0 138.72-105.583 298.558-298.558 298.558-59.452 0-114.68-17.219-161.137-47.106 8.447.974 16.568 1.299 25.34 1.299 49.055 0 94.213-16.568 130.274-44.832-46.132-.975-84.792-31.188-98.112-72.772 6.498.974 12.995 1.624 19.818 1.624 9.421 0 18.843-1.3 27.614-3.573-48.081-9.747-84.143-51.98-84.143-102.985v-1.299c13.969 7.797 30.214 12.67 47.431 13.319-28.264-18.843-46.781-51.005-46.781-87.391 0-19.492 5.197-37.36 14.294-52.954 51.655 63.675 129.3 105.258 216.365 109.807-1.624-7.797-2.599-15.918-2.599-24.04 0-57.828 46.782-104.934 104.934-104.934 30.213 0 57.502 12.67 76.67 33.137 23.715-4.548 46.456-13.32 66.599-25.34-7.798 24.366-24.366 44.833-46.132 57.827 21.117-2.273 41.584-8.122 60.426-16.243-14.292 20.791-32.161 39.308-52.628 54.253z\"><\/path><\/svg>\t\t\t\t\t\t\t<\/span>\n\t\t\t\t\t\t\t\t\t\t\t\t\t\t\t\t\t\t\t\t<\/div>\n\t\t\t\t\t<\/div>\n\t\t\t\t\t\t\t\t\t<div class=\"elementor-grid-item\" role=\"listitem\">\n\t\t\t\t\t\t<div class=\"elementor-share-btn elementor-share-btn_linkedin\" role=\"button\" tabindex=\"0\" aria-label=\"Condividi su linkedin\">\n\t\t\t\t\t\t\t\t\t\t\t\t\t\t\t<span class=\"elementor-share-btn__icon\">\n\t\t\t\t\t\t\t\t<svg aria-hidden=\"true\" class=\"e-font-icon-svg e-fab-linkedin\" viewBox=\"0 0 448 512\" xmlns=\"http:\/\/www.w3.org\/2000\/svg\"><path d=\"M416 32H31.9C14.3 32 0 46.5 0 64.3v383.4C0 465.5 14.3 480 31.9 480H416c17.6 0 32-14.5 32-32.3V64.3c0-17.8-14.4-32.3-32-32.3zM135.4 416H69V202.2h66.5V416zm-33.2-243c-21.3 0-38.5-17.3-38.5-38.5S80.9 96 102.2 96c21.2 0 38.5 17.3 38.5 38.5 0 21.3-17.2 38.5-38.5 38.5zm282.1 243h-66.4V312c0-24.8-.5-56.7-34.5-56.7-34.6 0-39.9 27-39.9 54.9V416h-66.4V202.2h63.7v29.2h.9c8.9-16.8 30.6-34.5 62.9-34.5 67.2 0 79.7 44.3 79.7 101.9V416z\"><\/path><\/svg>\t\t\t\t\t\t\t<\/span>\n\t\t\t\t\t\t\t\t\t\t\t\t\t\t\t\t\t\t\t\t<\/div>\n\t\t\t\t\t<\/div>\n\t\t\t\t\t\t<\/div>\n\t\t\t\t\t\t<\/div>\n\t\t\t\t<\/div>\n\t\t\t\t\t<\/div>\n\t\t<\/div>\n\t\t\t\t\t<\/div>\n\t\t<\/section>\n\t\t\t\t<section class=\"elementor-section elementor-top-section elementor-element elementor-element-646bee0 elementor-section-boxed elementor-section-height-default elementor-section-height-default\" data-id=\"646bee0\" data-element_type=\"section\">\n\t\t\t\t\t\t<div class=\"elementor-container elementor-column-gap-default\">\n\t\t\t\t\t<div class=\"elementor-column elementor-col-100 elementor-top-column elementor-element elementor-element-0d635b2\" data-id=\"0d635b2\" data-element_type=\"column\">\n\t\t\t<div class=\"elementor-widget-wrap elementor-element-populated\">\n\t\t\t\t\t\t<div class=\"elementor-element elementor-element-9e988de elementor-post-navigation-borders-yes elementor-widget elementor-widget-post-navigation\" data-id=\"9e988de\" data-element_type=\"widget\" data-widget_type=\"post-navigation.default\">\n\t\t\t\t<div class=\"elementor-widget-container\">\n\t\t\t\t\t\t\t<div class=\"elementor-post-navigation\" role=\"navigation\" aria-label=\"Navigazione dell&#039;articolo\">\n\t\t\t<div class=\"elementor-post-navigation__prev elementor-post-navigation__link\">\n\t\t\t\t<a href=\"https:\/\/www.bolzonelladivise.com\/it\/blog\/corporate-dress-code-5-consigli-su-come-vestire-in-azienda\/\" rel=\"prev\"><span class=\"post-navigation__arrow-wrapper post-navigation__arrow-prev\"><svg aria-hidden=\"true\" class=\"e-font-icon-svg e-fas-angle-left\" viewBox=\"0 0 256 512\" xmlns=\"http:\/\/www.w3.org\/2000\/svg\"><path d=\"M31.7 239l136-136c9.4-9.4 24.6-9.4 33.9 0l22.6 22.6c9.4 9.4 9.4 24.6 0 33.9L127.9 256l96.4 96.4c9.4 9.4 9.4 24.6 0 33.9L201.7 409c-9.4 9.4-24.6 9.4-33.9 0l-136-136c-9.5-9.4-9.5-24.6-.1-34z\"><\/path><\/svg><span class=\"elementor-screen-only\">Precedente<\/span><\/span><span class=\"elementor-post-navigation__link__prev\"><span class=\"post-navigation__prev--title\">Corporate dress code: 5 consigli su come vestire in azienda<\/span><\/span><\/a>\t\t\t<\/div>\n\t\t\t\t\t\t\t<div class=\"elementor-post-navigation__separator-wrapper\">\n\t\t\t\t\t<div class=\"elementor-post-navigation__separator\"><\/div>\n\t\t\t\t<\/div>\n\t\t\t\t\t\t<div class=\"elementor-post-navigation__next elementor-post-navigation__link\">\n\t\t\t\t<a href=\"https:\/\/www.bolzonelladivise.com\/it\/blog\/come-abbinare-le-sneakers-personalizzate-a-una-divisa-aziendale\/\" rel=\"next\"><span class=\"elementor-post-navigation__link__next\"><span class=\"post-navigation__next--title\">Come abbinare le sneakers personalizzate a una divisa aziendale<\/span><\/span><span class=\"post-navigation__arrow-wrapper post-navigation__arrow-next\"><svg aria-hidden=\"true\" class=\"e-font-icon-svg e-fas-angle-right\" viewBox=\"0 0 256 512\" xmlns=\"http:\/\/www.w3.org\/2000\/svg\"><path d=\"M224.3 273l-136 136c-9.4 9.4-24.6 9.4-33.9 0l-22.6-22.6c-9.4-9.4-9.4-24.6 0-33.9l96.4-96.4-96.4-96.4c-9.4-9.4-9.4-24.6 0-33.9L54.3 103c9.4-9.4 24.6-9.4 33.9 0l136 136c9.5 9.4 9.5 24.6.1 34z\"><\/path><\/svg><span class=\"elementor-screen-only\">Successivo<\/span><\/span><\/a>\t\t\t<\/div>\n\t\t<\/div>\n\t\t\t\t\t\t<\/div>\n\t\t\t\t<\/div>\n\t\t\t\t\t<\/div>\n\t\t<\/div>\n\t\t\t\t\t<\/div>\n\t\t<\/section>\n\t\t\t\t<\/div>\n\t\t","protected":false},"excerpt":{"rendered":"<p>Divisa da lavoro: quello che pu\u00f2 e non pu\u00f2 fare per la tua immagine aziendale Ogni impresa dovrebbe dedicare attenzione alla cura della propria immagine aziendale. Questa, infatti, influisce sotto diversi aspetti a livello professionale e facilita la buona riuscita delle relazioni dentro e fuori l\u2019ufficio. Per poter migliorare l\u2019ambiente, e quindi la performance lavorativa [&hellip;]<\/p>\n","protected":false},"author":3,"featured_media":19790,"comment_status":"closed","ping_status":"closed","sticky":false,"template":"elementor_theme","format":"standard","meta":{"footnotes":""},"categories":[1630],"tags":[1636],"class_list":["post-19788","post","type-post","status-publish","format-standard","has-post-thumbnail","hentry","category-consigli-sulle-divise-da-lavoro-da-bolzonella-divise","tag-informazioni-su-divise-da-lavoro-eleganti"],"yoast_head":"<!-- This site is optimized with the Yoast SEO plugin v26.8 - https:\/\/yoast.com\/product\/yoast-seo-wordpress\/ -->\n<title>Divisa da lavoro: cosa pu\u00f2 e non pu\u00f2 fare per la tua immagine<\/title>\n<meta name=\"description\" content=\"I vantaggi della divisa da lavoro sono molteplici, ma quali sono i suoi limiti? Ogni azienda dovrebbe esserne consapevole. Scoprilo qui!\" \/>\n<meta name=\"robots\" content=\"index, follow, max-snippet:-1, max-image-preview:large, max-video-preview:-1\" \/>\n<link rel=\"canonical\" href=\"https:\/\/www.bolzonelladivise.com\/it\/blog\/divisa-da-lavoro-quello-che-puo-e-non-puo-fare-per-la-tua-immagine-aziendale\/\" \/>\n<meta property=\"og:locale\" content=\"it_IT\" \/>\n<meta property=\"og:type\" content=\"article\" \/>\n<meta property=\"og:title\" content=\"Divisa da lavoro: cosa pu\u00f2 e non pu\u00f2 fare per la tua immagine\" \/>\n<meta property=\"og:description\" content=\"I vantaggi della divisa da lavoro sono molteplici, ma quali sono i suoi limiti? Ogni azienda dovrebbe esserne consapevole. Scoprilo qui!\" \/>\n<meta property=\"og:url\" content=\"https:\/\/www.bolzonelladivise.com\/it\/blog\/divisa-da-lavoro-quello-che-puo-e-non-puo-fare-per-la-tua-immagine-aziendale\/\" \/>\n<meta property=\"og:site_name\" content=\"Bolzonella Divise\" \/>\n<meta property=\"article:published_time\" content=\"2021-02-26T16:16:37+00:00\" \/>\n<meta property=\"article:modified_time\" content=\"2024-07-02T16:02:15+00:00\" \/>\n<meta property=\"og:image\" content=\"https:\/\/www.bolzonelladivise.com\/wp-content\/uploads\/divisa-da-lavoro.jpg\" \/>\n\t<meta property=\"og:image:width\" content=\"1198\" \/>\n\t<meta property=\"og:image:height\" content=\"402\" \/>\n\t<meta property=\"og:image:type\" content=\"image\/jpeg\" \/>\n<meta name=\"author\" content=\"Cast\" \/>\n<meta name=\"twitter:card\" content=\"summary_large_image\" \/>\n<meta name=\"twitter:label1\" content=\"Scritto da\" \/>\n\t<meta name=\"twitter:data1\" content=\"Cast\" \/>\n\t<meta name=\"twitter:label2\" content=\"Tempo di lettura stimato\" \/>\n\t<meta name=\"twitter:data2\" content=\"7 minuti\" \/>\n<script type=\"application\/ld+json\" class=\"yoast-schema-graph\">{\"@context\":\"https:\/\/schema.org\",\"@graph\":[{\"@type\":\"Article\",\"@id\":\"https:\/\/www.bolzonelladivise.com\/it\/blog\/divisa-da-lavoro-quello-che-puo-e-non-puo-fare-per-la-tua-immagine-aziendale\/#article\",\"isPartOf\":{\"@id\":\"https:\/\/www.bolzonelladivise.com\/it\/blog\/divisa-da-lavoro-quello-che-puo-e-non-puo-fare-per-la-tua-immagine-aziendale\/\"},\"author\":{\"name\":\"Cast\",\"@id\":\"https:\/\/www.bolzonelladivise.com\/it\/#\/schema\/person\/dec87bb2da599f7bf7a61c5b1e60ca33\"},\"headline\":\"Divisa da lavoro: quello che pu\u00f2 e non pu\u00f2 fare per la tua immagine aziendale\",\"datePublished\":\"2021-02-26T16:16:37+00:00\",\"dateModified\":\"2024-07-02T16:02:15+00:00\",\"mainEntityOfPage\":{\"@id\":\"https:\/\/www.bolzonelladivise.com\/it\/blog\/divisa-da-lavoro-quello-che-puo-e-non-puo-fare-per-la-tua-immagine-aziendale\/\"},\"wordCount\":1087,\"image\":{\"@id\":\"https:\/\/www.bolzonelladivise.com\/it\/blog\/divisa-da-lavoro-quello-che-puo-e-non-puo-fare-per-la-tua-immagine-aziendale\/#primaryimage\"},\"thumbnailUrl\":\"https:\/\/www.bolzonelladivise.com\/wp-content\/uploads\/divisa-da-lavoro.jpg\",\"keywords\":[\"divise da lavoro eleganti\"],\"articleSection\":[\"Consigli Bolzonella Divise\"],\"inLanguage\":\"it-IT\"},{\"@type\":\"WebPage\",\"@id\":\"https:\/\/www.bolzonelladivise.com\/it\/blog\/divisa-da-lavoro-quello-che-puo-e-non-puo-fare-per-la-tua-immagine-aziendale\/\",\"url\":\"https:\/\/www.bolzonelladivise.com\/it\/blog\/divisa-da-lavoro-quello-che-puo-e-non-puo-fare-per-la-tua-immagine-aziendale\/\",\"name\":\"Divisa da lavoro: cosa pu\u00f2 e non pu\u00f2 fare per la tua immagine\",\"isPartOf\":{\"@id\":\"https:\/\/www.bolzonelladivise.com\/it\/#website\"},\"primaryImageOfPage\":{\"@id\":\"https:\/\/www.bolzonelladivise.com\/it\/blog\/divisa-da-lavoro-quello-che-puo-e-non-puo-fare-per-la-tua-immagine-aziendale\/#primaryimage\"},\"image\":{\"@id\":\"https:\/\/www.bolzonelladivise.com\/it\/blog\/divisa-da-lavoro-quello-che-puo-e-non-puo-fare-per-la-tua-immagine-aziendale\/#primaryimage\"},\"thumbnailUrl\":\"https:\/\/www.bolzonelladivise.com\/wp-content\/uploads\/divisa-da-lavoro.jpg\",\"datePublished\":\"2021-02-26T16:16:37+00:00\",\"dateModified\":\"2024-07-02T16:02:15+00:00\",\"author\":{\"@id\":\"https:\/\/www.bolzonelladivise.com\/it\/#\/schema\/person\/dec87bb2da599f7bf7a61c5b1e60ca33\"},\"description\":\"I vantaggi della divisa da lavoro sono molteplici, ma quali sono i suoi limiti? Ogni azienda dovrebbe esserne consapevole. Scoprilo qui!\",\"breadcrumb\":{\"@id\":\"https:\/\/www.bolzonelladivise.com\/it\/blog\/divisa-da-lavoro-quello-che-puo-e-non-puo-fare-per-la-tua-immagine-aziendale\/#breadcrumb\"},\"inLanguage\":\"it-IT\",\"potentialAction\":[{\"@type\":\"ReadAction\",\"target\":[\"https:\/\/www.bolzonelladivise.com\/it\/blog\/divisa-da-lavoro-quello-che-puo-e-non-puo-fare-per-la-tua-immagine-aziendale\/\"]}]},{\"@type\":\"ImageObject\",\"inLanguage\":\"it-IT\",\"@id\":\"https:\/\/www.bolzonelladivise.com\/it\/blog\/divisa-da-lavoro-quello-che-puo-e-non-puo-fare-per-la-tua-immagine-aziendale\/#primaryimage\",\"url\":\"https:\/\/www.bolzonelladivise.com\/wp-content\/uploads\/divisa-da-lavoro.jpg\",\"contentUrl\":\"https:\/\/www.bolzonelladivise.com\/wp-content\/uploads\/divisa-da-lavoro.jpg\",\"width\":1198,\"height\":402},{\"@type\":\"BreadcrumbList\",\"@id\":\"https:\/\/www.bolzonelladivise.com\/it\/blog\/divisa-da-lavoro-quello-che-puo-e-non-puo-fare-per-la-tua-immagine-aziendale\/#breadcrumb\",\"itemListElement\":[{\"@type\":\"ListItem\",\"position\":1,\"name\":\"Home\",\"item\":\"https:\/\/www.bolzonelladivise.com\/it\/\"},{\"@type\":\"ListItem\",\"position\":2,\"name\":\"Divisa da lavoro: quello che pu\u00f2 e non pu\u00f2 fare per la tua immagine aziendale\"}]},{\"@type\":\"WebSite\",\"@id\":\"https:\/\/www.bolzonelladivise.com\/it\/#website\",\"url\":\"https:\/\/www.bolzonelladivise.com\/it\/\",\"name\":\"Bolzonella Divise\",\"description\":\"Under Construction\",\"potentialAction\":[{\"@type\":\"SearchAction\",\"target\":{\"@type\":\"EntryPoint\",\"urlTemplate\":\"https:\/\/www.bolzonelladivise.com\/it\/?s={search_term_string}\"},\"query-input\":{\"@type\":\"PropertyValueSpecification\",\"valueRequired\":true,\"valueName\":\"search_term_string\"}}],\"inLanguage\":\"it-IT\"},{\"@type\":\"Person\",\"@id\":\"https:\/\/www.bolzonelladivise.com\/it\/#\/schema\/person\/dec87bb2da599f7bf7a61c5b1e60ca33\",\"name\":\"Cast\",\"image\":{\"@type\":\"ImageObject\",\"inLanguage\":\"it-IT\",\"@id\":\"https:\/\/www.bolzonelladivise.com\/it\/#\/schema\/person\/image\/\",\"url\":\"https:\/\/secure.gravatar.com\/avatar\/a9a949f5714b63bab553a7bca86d170030aa5f14de625881327388a5e2a4797d?s=96&d=mm&r=g\",\"contentUrl\":\"https:\/\/secure.gravatar.com\/avatar\/a9a949f5714b63bab553a7bca86d170030aa5f14de625881327388a5e2a4797d?s=96&d=mm&r=g\",\"caption\":\"Cast\"},\"url\":\"https:\/\/www.bolzonelladivise.com\/it\/author\/cast-bolzonella\/\"}]}<\/script>\n<!-- \/ Yoast SEO plugin. -->","yoast_head_json":{"title":"Divisa da lavoro: cosa pu\u00f2 e non pu\u00f2 fare per la tua immagine","description":"I vantaggi della divisa da lavoro sono molteplici, ma quali sono i suoi limiti? Ogni azienda dovrebbe esserne consapevole. Scoprilo qui!","robots":{"index":"index","follow":"follow","max-snippet":"max-snippet:-1","max-image-preview":"max-image-preview:large","max-video-preview":"max-video-preview:-1"},"canonical":"https:\/\/www.bolzonelladivise.com\/it\/blog\/divisa-da-lavoro-quello-che-puo-e-non-puo-fare-per-la-tua-immagine-aziendale\/","og_locale":"it_IT","og_type":"article","og_title":"Divisa da lavoro: cosa pu\u00f2 e non pu\u00f2 fare per la tua immagine","og_description":"I vantaggi della divisa da lavoro sono molteplici, ma quali sono i suoi limiti? Ogni azienda dovrebbe esserne consapevole. Scoprilo qui!","og_url":"https:\/\/www.bolzonelladivise.com\/it\/blog\/divisa-da-lavoro-quello-che-puo-e-non-puo-fare-per-la-tua-immagine-aziendale\/","og_site_name":"Bolzonella Divise","article_published_time":"2021-02-26T16:16:37+00:00","article_modified_time":"2024-07-02T16:02:15+00:00","og_image":[{"width":1198,"height":402,"url":"https:\/\/www.bolzonelladivise.com\/wp-content\/uploads\/divisa-da-lavoro.jpg","type":"image\/jpeg"}],"author":"Cast","twitter_card":"summary_large_image","twitter_misc":{"Scritto da":"Cast","Tempo di lettura stimato":"7 minuti"},"schema":{"@context":"https:\/\/schema.org","@graph":[{"@type":"Article","@id":"https:\/\/www.bolzonelladivise.com\/it\/blog\/divisa-da-lavoro-quello-che-puo-e-non-puo-fare-per-la-tua-immagine-aziendale\/#article","isPartOf":{"@id":"https:\/\/www.bolzonelladivise.com\/it\/blog\/divisa-da-lavoro-quello-che-puo-e-non-puo-fare-per-la-tua-immagine-aziendale\/"},"author":{"name":"Cast","@id":"https:\/\/www.bolzonelladivise.com\/it\/#\/schema\/person\/dec87bb2da599f7bf7a61c5b1e60ca33"},"headline":"Divisa da lavoro: quello che pu\u00f2 e non pu\u00f2 fare per la tua immagine aziendale","datePublished":"2021-02-26T16:16:37+00:00","dateModified":"2024-07-02T16:02:15+00:00","mainEntityOfPage":{"@id":"https:\/\/www.bolzonelladivise.com\/it\/blog\/divisa-da-lavoro-quello-che-puo-e-non-puo-fare-per-la-tua-immagine-aziendale\/"},"wordCount":1087,"image":{"@id":"https:\/\/www.bolzonelladivise.com\/it\/blog\/divisa-da-lavoro-quello-che-puo-e-non-puo-fare-per-la-tua-immagine-aziendale\/#primaryimage"},"thumbnailUrl":"https:\/\/www.bolzonelladivise.com\/wp-content\/uploads\/divisa-da-lavoro.jpg","keywords":["divise da lavoro eleganti"],"articleSection":["Consigli Bolzonella Divise"],"inLanguage":"it-IT"},{"@type":"WebPage","@id":"https:\/\/www.bolzonelladivise.com\/it\/blog\/divisa-da-lavoro-quello-che-puo-e-non-puo-fare-per-la-tua-immagine-aziendale\/","url":"https:\/\/www.bolzonelladivise.com\/it\/blog\/divisa-da-lavoro-quello-che-puo-e-non-puo-fare-per-la-tua-immagine-aziendale\/","name":"Divisa da lavoro: cosa pu\u00f2 e non pu\u00f2 fare per la tua immagine","isPartOf":{"@id":"https:\/\/www.bolzonelladivise.com\/it\/#website"},"primaryImageOfPage":{"@id":"https:\/\/www.bolzonelladivise.com\/it\/blog\/divisa-da-lavoro-quello-che-puo-e-non-puo-fare-per-la-tua-immagine-aziendale\/#primaryimage"},"image":{"@id":"https:\/\/www.bolzonelladivise.com\/it\/blog\/divisa-da-lavoro-quello-che-puo-e-non-puo-fare-per-la-tua-immagine-aziendale\/#primaryimage"},"thumbnailUrl":"https:\/\/www.bolzonelladivise.com\/wp-content\/uploads\/divisa-da-lavoro.jpg","datePublished":"2021-02-26T16:16:37+00:00","dateModified":"2024-07-02T16:02:15+00:00","author":{"@id":"https:\/\/www.bolzonelladivise.com\/it\/#\/schema\/person\/dec87bb2da599f7bf7a61c5b1e60ca33"},"description":"I vantaggi della divisa da lavoro sono molteplici, ma quali sono i suoi limiti? Ogni azienda dovrebbe esserne consapevole. Scoprilo qui!","breadcrumb":{"@id":"https:\/\/www.bolzonelladivise.com\/it\/blog\/divisa-da-lavoro-quello-che-puo-e-non-puo-fare-per-la-tua-immagine-aziendale\/#breadcrumb"},"inLanguage":"it-IT","potentialAction":[{"@type":"ReadAction","target":["https:\/\/www.bolzonelladivise.com\/it\/blog\/divisa-da-lavoro-quello-che-puo-e-non-puo-fare-per-la-tua-immagine-aziendale\/"]}]},{"@type":"ImageObject","inLanguage":"it-IT","@id":"https:\/\/www.bolzonelladivise.com\/it\/blog\/divisa-da-lavoro-quello-che-puo-e-non-puo-fare-per-la-tua-immagine-aziendale\/#primaryimage","url":"https:\/\/www.bolzonelladivise.com\/wp-content\/uploads\/divisa-da-lavoro.jpg","contentUrl":"https:\/\/www.bolzonelladivise.com\/wp-content\/uploads\/divisa-da-lavoro.jpg","width":1198,"height":402},{"@type":"BreadcrumbList","@id":"https:\/\/www.bolzonelladivise.com\/it\/blog\/divisa-da-lavoro-quello-che-puo-e-non-puo-fare-per-la-tua-immagine-aziendale\/#breadcrumb","itemListElement":[{"@type":"ListItem","position":1,"name":"Home","item":"https:\/\/www.bolzonelladivise.com\/it\/"},{"@type":"ListItem","position":2,"name":"Divisa da lavoro: quello che pu\u00f2 e non pu\u00f2 fare per la tua immagine aziendale"}]},{"@type":"WebSite","@id":"https:\/\/www.bolzonelladivise.com\/it\/#website","url":"https:\/\/www.bolzonelladivise.com\/it\/","name":"Bolzonella Divise","description":"Under Construction","potentialAction":[{"@type":"SearchAction","target":{"@type":"EntryPoint","urlTemplate":"https:\/\/www.bolzonelladivise.com\/it\/?s={search_term_string}"},"query-input":{"@type":"PropertyValueSpecification","valueRequired":true,"valueName":"search_term_string"}}],"inLanguage":"it-IT"},{"@type":"Person","@id":"https:\/\/www.bolzonelladivise.com\/it\/#\/schema\/person\/dec87bb2da599f7bf7a61c5b1e60ca33","name":"Cast","image":{"@type":"ImageObject","inLanguage":"it-IT","@id":"https:\/\/www.bolzonelladivise.com\/it\/#\/schema\/person\/image\/","url":"https:\/\/secure.gravatar.com\/avatar\/a9a949f5714b63bab553a7bca86d170030aa5f14de625881327388a5e2a4797d?s=96&d=mm&r=g","contentUrl":"https:\/\/secure.gravatar.com\/avatar\/a9a949f5714b63bab553a7bca86d170030aa5f14de625881327388a5e2a4797d?s=96&d=mm&r=g","caption":"Cast"},"url":"https:\/\/www.bolzonelladivise.com\/it\/author\/cast-bolzonella\/"}]}},"_links":{"self":[{"href":"https:\/\/www.bolzonelladivise.com\/it\/wp-json\/wp\/v2\/posts\/19788","targetHints":{"allow":["GET"]}}],"collection":[{"href":"https:\/\/www.bolzonelladivise.com\/it\/wp-json\/wp\/v2\/posts"}],"about":[{"href":"https:\/\/www.bolzonelladivise.com\/it\/wp-json\/wp\/v2\/types\/post"}],"author":[{"embeddable":true,"href":"https:\/\/www.bolzonelladivise.com\/it\/wp-json\/wp\/v2\/users\/3"}],"replies":[{"embeddable":true,"href":"https:\/\/www.bolzonelladivise.com\/it\/wp-json\/wp\/v2\/comments?post=19788"}],"version-history":[{"count":0,"href":"https:\/\/www.bolzonelladivise.com\/it\/wp-json\/wp\/v2\/posts\/19788\/revisions"}],"wp:featuredmedia":[{"embeddable":true,"href":"https:\/\/www.bolzonelladivise.com\/it\/wp-json\/wp\/v2\/media\/19790"}],"wp:attachment":[{"href":"https:\/\/www.bolzonelladivise.com\/it\/wp-json\/wp\/v2\/media?parent=19788"}],"wp:term":[{"taxonomy":"category","embeddable":true,"href":"https:\/\/www.bolzonelladivise.com\/it\/wp-json\/wp\/v2\/categories?post=19788"},{"taxonomy":"post_tag","embeddable":true,"href":"https:\/\/www.bolzonelladivise.com\/it\/wp-json\/wp\/v2\/tags?post=19788"}],"curies":[{"name":"wp","href":"https:\/\/api.w.org\/{rel}","templated":true}]}}