{"id":16161,"date":"2020-08-24T16:24:43","date_gmt":"2020-08-24T14:24:43","guid":{"rendered":"https:\/\/www.bolzonelladivise.com?p=16161"},"modified":"2024-07-02T17:11:49","modified_gmt":"2024-07-02T15:11:49","slug":"fondaco-dei-tedeschi-divise-moderne-ed-eleganti-per-la-security","status":"publish","type":"post","link":"https:\/\/www.bolzonelladivise.com\/it\/blog\/fondaco-dei-tedeschi-divise-moderne-ed-eleganti-per-la-security\/","title":{"rendered":"Fondaco dei Tedeschi: divise moderne ed eleganti per la security"},"content":{"rendered":"\t\t<div data-elementor-type=\"wp-post\" data-elementor-id=\"16161\" class=\"elementor elementor-16161\" data-elementor-post-type=\"post\">\n\t\t\t\t\t\t<section class=\"elementor-section elementor-top-section elementor-element elementor-element-543085be elementor-section-boxed elementor-section-height-default elementor-section-height-default\" data-id=\"543085be\" data-element_type=\"section\">\n\t\t\t\t\t\t<div class=\"elementor-container elementor-column-gap-default\">\n\t\t\t\t\t<div class=\"elementor-column elementor-col-100 elementor-top-column elementor-element elementor-element-5fffe315\" data-id=\"5fffe315\" data-element_type=\"column\">\n\t\t\t<div class=\"elementor-widget-wrap elementor-element-populated\">\n\t\t\t\t\t\t<div class=\"elementor-element elementor-element-18861bf3 elementor-widget elementor-widget-image\" data-id=\"18861bf3\" data-element_type=\"widget\" data-widget_type=\"image.default\">\n\t\t\t\t<div class=\"elementor-widget-container\">\n\t\t\t\t\t\t\t\t\t\t\t\t\t\t\t<img fetchpriority=\"high\" decoding=\"async\" width=\"1286\" height=\"432\" src=\"https:\/\/www.bolzonelladivise.com\/wp-content\/uploads\/fondaco-dei-tedeschi.jpg\" class=\"attachment-1536x1536 size-1536x1536 wp-image-16163\" alt=\"\" srcset=\"https:\/\/www.bolzonelladivise.com\/wp-content\/uploads\/fondaco-dei-tedeschi.jpg 1286w, https:\/\/www.bolzonelladivise.com\/wp-content\/uploads\/fondaco-dei-tedeschi-800x269.jpg 800w, https:\/\/www.bolzonelladivise.com\/wp-content\/uploads\/fondaco-dei-tedeschi-300x101.jpg 300w, https:\/\/www.bolzonelladivise.com\/wp-content\/uploads\/fondaco-dei-tedeschi-150x50.jpg 150w, https:\/\/www.bolzonelladivise.com\/wp-content\/uploads\/fondaco-dei-tedeschi-768x258.jpg 768w\" sizes=\"(max-width: 1286px) 100vw, 1286px\" \/>\t\t\t\t\t\t\t\t\t\t\t\t\t\t\t<\/div>\n\t\t\t\t<\/div>\n\t\t\t\t<div class=\"elementor-element elementor-element-7f21ebbc elementor-hidden-tablet elementor-hidden-phone elementor-widget elementor-widget-text-editor\" data-id=\"7f21ebbc\" data-element_type=\"widget\" data-widget_type=\"text-editor.default\">\n\t\t\t\t<div class=\"elementor-widget-container\">\n\t\t\t\t\t\t\t\t\t<h1 style=\"text-align: center;\"><span style=\"font-weight: 400;\">Fondaco dei Tedeschi: divise moderne ed eleganti per la security<\/span><\/h1>\t\t\t\t\t\t\t\t<\/div>\n\t\t\t\t<\/div>\n\t\t\t\t\t<\/div>\n\t\t<\/div>\n\t\t\t\t\t<\/div>\n\t\t<\/section>\n\t\t\t\t<section class=\"elementor-section elementor-top-section elementor-element elementor-element-14f27f0b elementor-section-boxed elementor-section-height-default elementor-section-height-default\" data-id=\"14f27f0b\" data-element_type=\"section\">\n\t\t\t\t\t\t<div class=\"elementor-container elementor-column-gap-default\">\n\t\t\t\t\t<div class=\"elementor-column elementor-col-100 elementor-top-column elementor-element elementor-element-2f2762b7\" data-id=\"2f2762b7\" data-element_type=\"column\">\n\t\t\t<div class=\"elementor-widget-wrap elementor-element-populated\">\n\t\t\t\t\t\t<div class=\"elementor-element elementor-element-513cf62f elementor-widget elementor-widget-text-editor\" data-id=\"513cf62f\" data-element_type=\"widget\" data-widget_type=\"text-editor.default\">\n\t\t\t\t<div class=\"elementor-widget-container\">\n\t\t\t\t\t\t\t\t\t<p style=\"text-align: justify;\"><span style=\"font-weight: 400;\">In un ambiente di lusso \u00e8 essenziale che l\u2019abbigliamento del <\/span><b>personale<\/b> <b>sia perfettamente coordinato <\/b><span style=\"font-weight: 400;\">e che sappia esprimere la <\/span><b>storia <\/b><span style=\"font-weight: 400;\">e l\u2019<\/span><b>eleganza <\/b><span style=\"font-weight: 400;\">che caratterizzano il luogo.<\/span><span style=\"font-weight: 400;\"><br \/><\/span><span style=\"font-weight: 400;\">Raggiungere questo obiettivo non \u00e8 certamente facile, soprattutto per chi lavora nell\u2019ambito della <\/span><i><span style=\"font-weight: 400;\">security<\/span><\/i><span style=\"font-weight: 400;\">: le divise degli addetti alla vigilanza devono assicurare <\/span><b>movimenti fluidi e scattanti <\/b><span style=\"font-weight: 400;\">ed essere al tempo stesso emblematici dell\u2019importanza della location. \u00c8 proprio per queste particolari esigenze che l\u2019azienda che si occupa della sicurezza del prestigioso <\/span><b>Fondaco dei Tedeschi <\/b><span style=\"font-weight: 400;\">di <\/span><b>Venezia <\/b><span style=\"font-weight: 400;\">ha scelto di affidarsi all\u2019esperienza e alla professionalit\u00e0 di <\/span><b>Cast Bolzonella<\/b><span style=\"font-weight: 400;\">.<\/span><span style=\"font-weight: 400;\"><br \/><\/span><span style=\"font-weight: 400;\">In questo articolo analizziamo quindi le divise che il nostro team ha realizzato per questa importante realt\u00e0. <\/span><\/p>\t\t\t\t\t\t\t\t<\/div>\n\t\t\t\t<\/div>\n\t\t\t\t<div class=\"elementor-element elementor-element-5b6ffa0a elementor-widget elementor-widget-text-editor\" data-id=\"5b6ffa0a\" data-element_type=\"widget\" data-widget_type=\"text-editor.default\">\n\t\t\t\t<div class=\"elementor-widget-container\">\n\t\t\t\t\t\t\t\t\t<h2 style=\"text-align: justify;\"><strong><span style=\"font-weight: 400;\"><img decoding=\"async\" class=\"size-full wp-image-16164 alignleft\" src=\"https:\/\/www.bolzonelladivise.com\/wp-content\/uploads\/fondaco-dei-tedeschi-4.jpg\" alt=\"\" width=\"350\" height=\"530\" srcset=\"https:\/\/www.bolzonelladivise.com\/wp-content\/uploads\/fondaco-dei-tedeschi-4.jpg 350w, https:\/\/www.bolzonelladivise.com\/wp-content\/uploads\/fondaco-dei-tedeschi-4-198x300.jpg 198w, https:\/\/www.bolzonelladivise.com\/wp-content\/uploads\/fondaco-dei-tedeschi-4-99x150.jpg 99w\" sizes=\"(max-width: 350px) 100vw, 350px\" \/><\/span>Il Fondaco dei Tedeschi: una storia secolare<\/strong><\/h2><p style=\"text-align: justify;\"><span style=\"font-weight: 400;\">Il Fondaco dei Tedeschi \u00e8 un <\/span><b>prestigioso palazzo di antica fondazione <\/b><span style=\"font-weight: 400;\">che<\/span> <span style=\"font-weight: 400;\">si affaccia sul Ponte di Rialto, proprio nel cuore di Venezia. Il complesso risale al XIII secolo e oggi \u00e8 diventato un importante <\/span><b>centro commerciale di lusso<\/b><span style=\"font-weight: 400;\">. Nel corso dei secoli questa struttura \u00e8 stata sede di svariate attivit\u00e0: alle sue origini era punto di riferimento per l\u2019approdo di merci legate al mercato tedesco, occupazione che ne ha determinato il nome. Nel 1505 venne distrutta da un incendio e, a seguito della ristrutturazione, divent\u00f2 centro doganale all\u2019epoca di Napoleone. Durante le guerre mondiali, il Fondaco dei Tedeschi divenne <\/span><b>centro telegrafonico militare <\/b><span style=\"font-weight: 400;\">e <\/span><b>ufficio postale <\/b><span style=\"font-weight: 400;\">per consentire alle famiglie di mettersi in contatto con i parenti impegnati al fronte.<\/span><\/p><p style=\"text-align: justify;\"><span style=\"font-weight: 400;\">Dal 2016, il palazzo diventa sede di numerosi negozi destinati a un <\/span><b>pubblico abbiente<\/b><span style=\"font-weight: 400;\">, ma \u00e8 apprezzato anche da veneziani e turisti per la straordinaria <\/span><b>terrazza panoramica <\/b><span style=\"font-weight: 400;\">dell\u2019ultimo piano. Qui, \u00e8 possibile godere di una vista a 360\u00b0 sulla laguna di Venezia: uno scenario da togliere il fiato.\u00a0<\/span><\/p>\t\t\t\t\t\t\t\t<\/div>\n\t\t\t\t<\/div>\n\t\t\t\t<div class=\"elementor-element elementor-element-53151b0e elementor-widget__width-initial elementor-widget elementor-widget-text-editor\" data-id=\"53151b0e\" data-element_type=\"widget\" data-widget_type=\"text-editor.default\">\n\t\t\t\t<div class=\"elementor-widget-container\">\n\t\t\t\t\t\t\t\t\t<h2 style=\"text-align: justify;\"><strong>Le divise per la <i>security <\/i>del Fondaco dei Tedeschi<\/strong><\/h2><h3 style=\"text-align: justify;\">Cast Bolzonella scelta per vestire la security del palazzo<\/h3><p style=\"text-align: justify;\"><span style=\"font-weight: 400;\"><img decoding=\"async\" class=\"size-full wp-image-16165 alignright\" src=\"https:\/\/www.bolzonelladivise.com\/wp-content\/uploads\/fondaco-dei-tedeschi-2.jpg\" alt=\"\" width=\"350\" height=\"530\" srcset=\"https:\/\/www.bolzonelladivise.com\/wp-content\/uploads\/fondaco-dei-tedeschi-2.jpg 350w, https:\/\/www.bolzonelladivise.com\/wp-content\/uploads\/fondaco-dei-tedeschi-2-198x300.jpg 198w, https:\/\/www.bolzonelladivise.com\/wp-content\/uploads\/fondaco-dei-tedeschi-2-99x150.jpg 99w\" sizes=\"(max-width: 350px) 100vw, 350px\" \/>Se in passato per lavorare in ufficio \u2013 sia a stretto contatto con il pubblico, che nel <\/span><i><span style=\"font-weight: 400;\">back office <\/span><\/i><span style=\"font-weight: 400;\">\u2013 era necessario adottare uno stile classico, negli ultimi anni molte aziende hanno deciso di orientarsi verso uno stile \u201c<\/span><i><span style=\"font-weight: 400;\">business-casual<\/span><\/i><span style=\"font-weight: 400;\">\u201d. Con questo termine s\u2019intende un <\/span><i><span style=\"font-weight: 400;\">dress code <\/span><\/i><span style=\"font-weight: 400;\">elegante, ma al tempo stesso <\/span><b>disinvolto<\/b><span style=\"font-weight: 400;\">, che combina perfettamente un <\/span><b>tocco di stile <\/b><span style=\"font-weight: 400;\">alla <\/span><b>massima comodit\u00e0<\/b><span style=\"font-weight: 400;\">, dettata da abiti legati pi\u00f9 alla quotidianit\u00e0 che alla tradizione. \u00c8 lo stile adottato soprattutto da <\/span><b>start-up <\/b><span style=\"font-weight: 400;\">nate dalle idee di un team <\/span><b>giovane <\/b><span style=\"font-weight: 400;\">e <\/span><b>dinamico<\/b><span style=\"font-weight: 400;\">, da aziende che lavorano con la <\/span><b>creativit\u00e0 <\/b><span style=\"font-weight: 400;\">e da imprese che fanno dell\u2019<\/span><b>innovazione <\/b><span style=\"font-weight: 400;\">il loro valore principale. Alle tonalit\u00e0 pi\u00f9 classiche qui si aggiunge anche il <\/span><b>beige<\/b><span style=\"font-weight: 400;\">.<\/span><\/p><p style=\"text-align: justify;\"><span style=\"font-weight: 400;\">Quali divise da lavoro scegliere per seguire uno stile <\/span><i><span style=\"font-weight: 400;\">business casual<\/span><\/i><span style=\"font-weight: 400;\">? Per l\u2019uomo, puoi puntare sulla <\/span><b>semplicit\u00e0<\/b><span style=\"font-weight: 400;\">: <\/span><b>t-shirt sottogiacca<\/b><span style=\"font-weight: 400;\">, <\/span><b>pantaloni <\/b><span style=\"font-weight: 400;\">e una <\/span><b>giacca <\/b><span style=\"font-weight: 400;\">con un taglio pi\u00f9 sportivo rispetto a quanto usuale. In inverno, alla <\/span><b>camicia <\/b><span style=\"font-weight: 400;\">viene aggiunto un <\/span><b>maglioncino <\/b><span style=\"font-weight: 400;\">in morbida lana merino o misto cotone. In estate, rinunciando alla giacca, si pu\u00f2 preferire una <\/span><b>polo<\/b><span style=\"font-weight: 400;\"> elasticizzata, una soluzione pratica. In genere, lo stile <\/span><i><span style=\"font-weight: 400;\">business casual <\/span><\/i><span style=\"font-weight: 400;\">non prevede la cravatta, anche se pu\u00f2 essere ammessa se valorizzata con <\/span><b>trame<\/b> <b>particolari<\/b><span style=\"font-weight: 400;\"> o elementi che richiamano la <\/span><b>palette<\/b><span style=\"font-weight: 400;\"> e il <\/span><b>logo<\/b><span style=\"font-weight: 400;\"> aziendali.<\/span><\/p><p style=\"text-align: justify;\"><span style=\"font-weight: 400;\">Ma le opzioni sono tantissime anche per le figure femminili. In questo caso, alla camicia viene preferito un<\/span> <a href=\"https:\/\/www.bolzonelladivise.com\/it\/top-e-sottogiacca-da-divisa\/\"><b><u>top sottogiacca<\/u><\/b><\/a> <span style=\"font-weight: 400;\">o una <\/span><b>blusa<\/b><span style=\"font-weight: 400;\">, soluzioni pi\u00f9 fresche e giovanili. Allo stesso modo, i classici pantaloni eleganti lasciano spazio ai <\/span><b>pantaloni chino<\/b><span style=\"font-weight: 400;\">, particolarmente apprezzati per la loro leggerezza e praticit\u00e0. E durante i mesi invernali? Per ripararsi dal freddo, si tende a indossare un <\/span><b>blazer<\/b><span style=\"font-weight: 400;\">: questa giacca sfiancata \u00e8 molto versatile e spesso \u00e8 impreziosita da bottoni e taschini sui fianchi.<\/span><\/p><p style=\"text-align: justify;\"><span style=\"font-weight: 400;\">Un effetto della divisa molto apprezzato da chi adotta uno stile <\/span><i><span style=\"font-weight: 400;\">business casual <\/span><\/i><span style=\"font-weight: 400;\">\u00e8 sicuramente lo <\/span><b>spezzato<\/b><span style=\"font-weight: 400;\">, che si oppone al classico coordinato: nello spezzato, infatti, una giacca o un blazer viene abbinato a pantaloni con tessuti e colori diversi che creano un <\/span><b>piacevole contrasto<\/b><span style=\"font-weight: 400;\">. Il risultato \u00e8 attuale e dinamico, con uno stile ricercato che comunica attenzione ai dettagli.<\/span><\/p>\t\t\t\t\t\t\t\t<\/div>\n\t\t\t\t<\/div>\n\t\t\t\t<div class=\"elementor-element elementor-element-3806bed0 elementor-widget elementor-widget-text-editor\" data-id=\"3806bed0\" data-element_type=\"widget\" data-widget_type=\"text-editor.default\">\n\t\t\t\t<div class=\"elementor-widget-container\">\n\t\t\t\t\t\t\t\t\t<h3><span style=\"font-weight: 400;\">Riconoscibilit\u00e0 s\u00ec, ma senza eccedere<\/span><\/h3><p style=\"text-align: justify;\"><span style=\"font-weight: 400;\">Uno dei punti di partenza nella scelta delle <\/span><span style=\"text-decoration: underline;\"><a href=\"https:\/\/www.bolzonelladivise.com\/it\/blog\/abbigliamento-e-divise-per-vigilanza-le-soluzioni-di-bolzonella-divise\/\"><span style=\"font-weight: 400;\"><u>divise per la vigilanza<\/u><\/span><\/a><\/span><span style=\"font-weight: 400;\"> \u00e8 sempre la <\/span><b>riconoscibilit\u00e0<\/b><span style=\"font-weight: 400;\"> degli addetti alla <\/span><i><span style=\"font-weight: 400;\">security<\/span><\/i><span style=\"font-weight: 400;\">. Nel momento in cui il turista o il cliente dei negozi si rende conto della presenza di queste importanti figure, si sente maggiormente al sicuro e a proprio agio.<\/span><span style=\"font-weight: 400;\"><br \/><\/span><span style=\"font-weight: 400;\">Trattandosi di una location storica di lusso, si \u00e8 cercato comunque di <\/span><b>non eccedere negli elementi distintivi <\/b><span style=\"font-weight: 400;\">dei vigilanti, perseguendo quindi l\u2019eleganza e la classe che questo ambiente richiede. Sono state scelte, infatti, tonalit\u00e0 scure, per rendere gli operatori della sicurezza riconoscibili al pubblico, ma non sono stati inseriti gradi o scritte sulle giacche, in modo tale da renderle pi\u00f9 <\/span><b>semplici e sobrie<\/b><span style=\"font-weight: 400;\">.<\/span><\/p><h3><span style=\"font-weight: 400;\">Uno stile elegante e moderno<\/span><\/h3><p style=\"text-align: justify;\"><span style=\"font-weight: 400;\"><img loading=\"lazy\" decoding=\"async\" class=\"size-full wp-image-16166 alignleft\" src=\"https:\/\/www.bolzonelladivise.com\/wp-content\/uploads\/fondaco-dei-tedeschi-3.jpg\" alt=\"\" width=\"350\" height=\"530\" srcset=\"https:\/\/www.bolzonelladivise.com\/wp-content\/uploads\/fondaco-dei-tedeschi-3.jpg 350w, https:\/\/www.bolzonelladivise.com\/wp-content\/uploads\/fondaco-dei-tedeschi-3-198x300.jpg 198w, https:\/\/www.bolzonelladivise.com\/wp-content\/uploads\/fondaco-dei-tedeschi-3-99x150.jpg 99w\" sizes=\"(max-width: 350px) 100vw, 350px\" \/>La richiesta da parte del Fondaco dei Tedeschi di divise per vigilanza, doveva essere realizzato da due aspetti principali. Dovevano risultare <\/span><b>eleganti <\/b><span style=\"font-weight: 400;\">e <\/span><b>di classe<\/b><span style=\"font-weight: 400;\"> e seguire uno stile <\/span><b>giovanile<\/b><span style=\"font-weight: 400;\">, senza per\u00f2 risultare<\/span><i><span style=\"font-weight: 400;\"> casual<\/span><\/i><span style=\"font-weight: 400;\">. Per questo, si \u00e8 optato per una divisa di <\/span><b>colore nero<\/b><span style=\"font-weight: 400;\">, composta da giacca e pantalone elegante. Per rendere il completo pi\u00f9 moderno, la camicia \u00e8 stata sostituita da una <\/span><b>t-shirt elasticizzata<\/b><span style=\"font-weight: 400;\">: una soluzione in grado di donare meno rigore all\u2019uniforme e al tempo stesso di assicurare <\/span><b>movimenti rapidi e agevoli <\/b><span style=\"font-weight: 400;\">al vigilante in caso di necessit\u00e0.\u00a0<\/span><\/p><p style=\"text-align: justify;\"><span style=\"font-weight: 400;\">Nel dettaglio, la giacca scelta \u00e8 semplice ma d\u2019impatto con un <\/span><b>taglio lungo <\/b><span style=\"font-weight: 400;\">per mantenere la seriet\u00e0 che caratterizza chi opera in questo settore, ma soprattutto per facilitare i movimenti anche agli addetti alla sicurezza armata. L\u2019eleganza \u00e8 sottolineata da una raffinata <\/span><b>chiusura centrale a due bottoni<\/b><span style=\"font-weight: 400;\">.<\/span><span style=\"font-weight: 400;\"><br \/><\/span><span style=\"font-weight: 400;\">Ci\u00f2 che contribuisce maggiormente a donare comfort all\u2019outfit \u00e8 sicuramente la <\/span><b>t-shirt<\/b><span style=\"font-weight: 400;\">, che, essendo realizzata in <\/span><b>elastane<\/b><span style=\"font-weight: 400;\">, facilita i movimenti e, al tempo stesso, valorizza la fisicit\u00e0 di chi la indossa. Il collo aperto e non scollato, sia per l\u2019uomo che per la donna, dona maggiore <\/span><b>professionalit\u00e0 <\/b><span style=\"font-weight: 400;\">all\u2019<\/span><i><span style=\"font-weight: 400;\">outfit<\/span><\/i><span style=\"font-weight: 400;\">. Il pantalone, infine, <\/span><i><span style=\"font-weight: 400;\">slim<\/span><\/i><span style=\"font-weight: 400;\"> e aderente sulla gamba cade poi diritto sulla caviglia.\u00a0<\/span><\/p><h3><span style=\"font-weight: 400;\">Tante accortezze per la massima praticit\u00e0<\/span><\/h3><p style=\"text-align: justify;\"><span style=\"font-weight: 400;\">Una <\/span><a href=\"https:\/\/www.bolzonelladivise.com\/it\/blog\/divise-aziendali-di-qualita-le-soluzioni-per-valorizzare-la-tua-impresa\/\"><span style=\"font-weight: 400;\"><u>divisa di qualit\u00e0<\/u><\/span><\/a><span style=\"font-weight: 400;\"> si riconosce anche dai dettagli, sia estetici sia funzionali. Per il Fondaco dei Tedeschi, il nostro team ha pensato a divise dotate di un <\/span><b>tessuto antimacchia<\/b><span style=\"font-weight: 400;\">: grazie alla presenza di specifiche fibre, il tessuto \u00e8 in grado di <\/span><b>resistere allo sporco, agli schizzi e alle macchie<\/b><span style=\"font-weight: 400;\">, garantendo un <\/span><b>aspetto impeccabile <\/b><span style=\"font-weight: 400;\">per<\/span> <span style=\"font-weight: 400;\">tutta la giornata.<\/span><\/p><p style=\"text-align: justify;\"><span style=\"font-weight: 400;\">Un addetto alla sicurezza deve poter svolgere il suo lavoro in <\/span><b>comodit\u00e0 <\/b><span style=\"font-weight: 400;\">e sentendosi a <\/span><b>proprio agio <\/b><span style=\"font-weight: 400;\">nell\u2019uniforme. \u00c8 per questo che le divise sono state realizzate con un <\/span><b>tessuto quattro stagioni<\/b><span style=\"font-weight: 400;\">: ci\u00f2 permette di mantenere il corpo fresco e asciutto in estate, e caldo in inverno. Aspetto molto importante soprattutto per gli addetti alla sicurezza che lavorano sulla terrazza, quindi in un\u2019area all\u2019aperto.<\/span><\/p><p style=\"text-align: justify;\"><span style=\"font-weight: 400;\">Inoltre, per valorizzare i diversi tipi di fisicit\u00e0 degli addetti alla <\/span><i><span style=\"font-weight: 400;\">security<\/span><\/i><span style=\"font-weight: 400;\">, le uniformi sono state progettate per assicurare un\u2019<\/span><b>elevata vestibilit\u00e0 <\/b><span style=\"font-weight: 400;\">in modo tale da modellarsi perfettamente alle differenti forme del corpo, grazie anche al <\/span><b>taglio sartoriale<\/b><span style=\"font-weight: 400;\">.\u00a0<\/span><\/p><p style=\"text-align: justify;\"><span style=\"font-weight: 400;\">Le <\/span><b>divise Bolzonella<\/b><span style=\"font-weight: 400;\"> possono essere comodamente lavate a casa dai dipendenti, in quanto ad ogni capo \u00e8 associato un <\/span><b>manuale di lavaggio domestico<\/b><span style=\"font-weight: 400;\">. Data la presenza di addetti alla <\/span><i><span style=\"font-weight: 400;\">security <\/span><\/i><span style=\"font-weight: 400;\">di nazionalit\u00e0 diverse \u00e8 stato fondamentale realizzare il manuale <\/span><b>bilingue<\/b><span style=\"font-weight: 400;\">, accortezza molto apprezzata dagli agenti della sicurezza del palazzo. <\/span><\/p>\t\t\t\t\t\t\t\t<\/div>\n\t\t\t\t<\/div>\n\t\t\t\t<div class=\"elementor-element elementor-element-b7b53f5 elementor-widget elementor-widget-text-editor\" data-id=\"b7b53f5\" data-element_type=\"widget\" data-widget_type=\"text-editor.default\">\n\t\t\t\t<div class=\"elementor-widget-container\">\n\t\t\t\t\t\t\t\t\t<h2><span style=\"font-weight: 400;\">In conclusione\u2026<\/span><\/h2><p style=\"text-align: justify;\"><span style=\"font-weight: 400;\">Grazie a un lavoro personalizzato per la <\/span><i><span style=\"font-weight: 400;\">security <\/span><\/i><span style=\"font-weight: 400;\">del <\/span><b>Fondaco dei Tedeschi<\/b><span style=\"font-weight: 400;\">, oggi gli addetti alla sicurezza<\/span> <span style=\"font-weight: 400;\">possono rappresentare egregiamente i <\/span><b>valori che da sempre contraddistinguono il palazzo<\/b><span style=\"font-weight: 400;\">: l\u2019eleganza e la sontuosit\u00e0 combinata con la dinamicit\u00e0 della sua attuale funzione di centro commerciale e terrazza turistica. Questo importante risultato \u00e8 stato raggiunto grazie a uniformi caratterizzate dalla <\/span><b>qualit\u00e0 del Made in Italy <\/b><span style=\"font-weight: 400;\">e da numerose accortezze a livello pratico ed estetico.<\/span><\/p><p style=\"text-align: justify;\"><span style=\"font-weight: 400;\">Desideri vestire il tuo team di eleganza e modernit\u00e0, affinch\u00e9 rappresenti al meglio i valori della tua attivit\u00e0? Cast Bolzonella ha il piacere di ascoltare le tue esigenze e realizzare sulla base di queste un progetto personalizzato. <\/span><a href=\"https:\/\/www.bolzonelladivise.com\/it\/contatti\/\"><span style=\"font-weight: 400;\"><u>Contattaci<\/u><\/span><\/a><span style=\"font-weight: 400;\"> per avere un confronto con noi. <\/span><\/p>\t\t\t\t\t\t\t\t<\/div>\n\t\t\t\t<\/div>\n\t\t\t\t\t<\/div>\n\t\t<\/div>\n\t\t\t\t\t<\/div>\n\t\t<\/section>\n\t\t\t\t<section class=\"elementor-section elementor-inner-section elementor-element elementor-element-6880bcd1 elementor-section-content-middle elementor-section-boxed elementor-section-height-default elementor-section-height-default\" data-id=\"6880bcd1\" data-element_type=\"section\">\n\t\t\t\t\t\t<div class=\"elementor-container elementor-column-gap-default\">\n\t\t\t\t\t<div class=\"elementor-column elementor-col-50 elementor-inner-column elementor-element elementor-element-d605c55\" data-id=\"d605c55\" data-element_type=\"column\">\n\t\t\t<div class=\"elementor-widget-wrap elementor-element-populated\">\n\t\t\t\t\t\t<div class=\"elementor-element elementor-element-778f596 elementor-widget elementor-widget-text-editor\" data-id=\"778f596\" data-element_type=\"widget\" data-widget_type=\"text-editor.default\">\n\t\t\t\t<div class=\"elementor-widget-container\">\n\t\t\t\t\t\t\t\t\t<h4 style=\"text-align: justify; margin:0px;\">Hai trovato interessante questo articolo? Condividilo!<\/h4>\t\t\t\t\t\t\t\t<\/div>\n\t\t\t\t<\/div>\n\t\t\t\t\t<\/div>\n\t\t<\/div>\n\t\t\t\t<div class=\"elementor-column elementor-col-50 elementor-inner-column elementor-element elementor-element-359b6704\" data-id=\"359b6704\" data-element_type=\"column\">\n\t\t\t<div class=\"elementor-widget-wrap elementor-element-populated\">\n\t\t\t\t\t\t<div class=\"elementor-element elementor-element-61268912 elementor-share-buttons--view-icon elementor-share-buttons--shape-circle elementor-share-buttons--skin-gradient elementor-grid-0 elementor-share-buttons--color-official elementor-widget elementor-widget-share-buttons\" data-id=\"61268912\" data-element_type=\"widget\" data-widget_type=\"share-buttons.default\">\n\t\t\t\t<div class=\"elementor-widget-container\">\n\t\t\t\t\t\t\t<div class=\"elementor-grid\" role=\"list\">\n\t\t\t\t\t\t\t\t<div class=\"elementor-grid-item\" role=\"listitem\">\n\t\t\t\t\t\t<div class=\"elementor-share-btn elementor-share-btn_facebook\" role=\"button\" tabindex=\"0\" aria-label=\"Condividi su facebook\">\n\t\t\t\t\t\t\t\t\t\t\t\t\t\t\t<span class=\"elementor-share-btn__icon\">\n\t\t\t\t\t\t\t\t<svg aria-hidden=\"true\" class=\"e-font-icon-svg e-fab-facebook\" viewBox=\"0 0 512 512\" xmlns=\"http:\/\/www.w3.org\/2000\/svg\"><path d=\"M504 256C504 119 393 8 256 8S8 119 8 256c0 123.78 90.69 226.38 209.25 245V327.69h-63V256h63v-54.64c0-62.15 37-96.48 93.67-96.48 27.14 0 55.52 4.84 55.52 4.84v61h-31.28c-30.8 0-40.41 19.12-40.41 38.73V256h68.78l-11 71.69h-57.78V501C413.31 482.38 504 379.78 504 256z\"><\/path><\/svg>\t\t\t\t\t\t\t<\/span>\n\t\t\t\t\t\t\t\t\t\t\t\t\t\t\t\t\t\t\t\t<\/div>\n\t\t\t\t\t<\/div>\n\t\t\t\t\t\t\t\t\t<div class=\"elementor-grid-item\" role=\"listitem\">\n\t\t\t\t\t\t<div class=\"elementor-share-btn elementor-share-btn_twitter\" role=\"button\" tabindex=\"0\" aria-label=\"Condividi su twitter\">\n\t\t\t\t\t\t\t\t\t\t\t\t\t\t\t<span class=\"elementor-share-btn__icon\">\n\t\t\t\t\t\t\t\t<svg aria-hidden=\"true\" class=\"e-font-icon-svg e-fab-twitter\" viewBox=\"0 0 512 512\" xmlns=\"http:\/\/www.w3.org\/2000\/svg\"><path d=\"M459.37 151.716c.325 4.548.325 9.097.325 13.645 0 138.72-105.583 298.558-298.558 298.558-59.452 0-114.68-17.219-161.137-47.106 8.447.974 16.568 1.299 25.34 1.299 49.055 0 94.213-16.568 130.274-44.832-46.132-.975-84.792-31.188-98.112-72.772 6.498.974 12.995 1.624 19.818 1.624 9.421 0 18.843-1.3 27.614-3.573-48.081-9.747-84.143-51.98-84.143-102.985v-1.299c13.969 7.797 30.214 12.67 47.431 13.319-28.264-18.843-46.781-51.005-46.781-87.391 0-19.492 5.197-37.36 14.294-52.954 51.655 63.675 129.3 105.258 216.365 109.807-1.624-7.797-2.599-15.918-2.599-24.04 0-57.828 46.782-104.934 104.934-104.934 30.213 0 57.502 12.67 76.67 33.137 23.715-4.548 46.456-13.32 66.599-25.34-7.798 24.366-24.366 44.833-46.132 57.827 21.117-2.273 41.584-8.122 60.426-16.243-14.292 20.791-32.161 39.308-52.628 54.253z\"><\/path><\/svg>\t\t\t\t\t\t\t<\/span>\n\t\t\t\t\t\t\t\t\t\t\t\t\t\t\t\t\t\t\t\t<\/div>\n\t\t\t\t\t<\/div>\n\t\t\t\t\t\t\t\t\t<div class=\"elementor-grid-item\" role=\"listitem\">\n\t\t\t\t\t\t<div class=\"elementor-share-btn elementor-share-btn_linkedin\" role=\"button\" tabindex=\"0\" aria-label=\"Condividi su linkedin\">\n\t\t\t\t\t\t\t\t\t\t\t\t\t\t\t<span class=\"elementor-share-btn__icon\">\n\t\t\t\t\t\t\t\t<svg aria-hidden=\"true\" class=\"e-font-icon-svg e-fab-linkedin\" viewBox=\"0 0 448 512\" xmlns=\"http:\/\/www.w3.org\/2000\/svg\"><path d=\"M416 32H31.9C14.3 32 0 46.5 0 64.3v383.4C0 465.5 14.3 480 31.9 480H416c17.6 0 32-14.5 32-32.3V64.3c0-17.8-14.4-32.3-32-32.3zM135.4 416H69V202.2h66.5V416zm-33.2-243c-21.3 0-38.5-17.3-38.5-38.5S80.9 96 102.2 96c21.2 0 38.5 17.3 38.5 38.5 0 21.3-17.2 38.5-38.5 38.5zm282.1 243h-66.4V312c0-24.8-.5-56.7-34.5-56.7-34.6 0-39.9 27-39.9 54.9V416h-66.4V202.2h63.7v29.2h.9c8.9-16.8 30.6-34.5 62.9-34.5 67.2 0 79.7 44.3 79.7 101.9V416z\"><\/path><\/svg>\t\t\t\t\t\t\t<\/span>\n\t\t\t\t\t\t\t\t\t\t\t\t\t\t\t\t\t\t\t\t<\/div>\n\t\t\t\t\t<\/div>\n\t\t\t\t\t\t<\/div>\n\t\t\t\t\t\t<\/div>\n\t\t\t\t<\/div>\n\t\t\t\t\t<\/div>\n\t\t<\/div>\n\t\t\t\t\t<\/div>\n\t\t<\/section>\n\t\t\t\t<section class=\"elementor-section elementor-top-section elementor-element elementor-element-646bee0 elementor-section-boxed elementor-section-height-default elementor-section-height-default\" data-id=\"646bee0\" data-element_type=\"section\">\n\t\t\t\t\t\t<div class=\"elementor-container elementor-column-gap-default\">\n\t\t\t\t\t<div class=\"elementor-column elementor-col-100 elementor-top-column elementor-element elementor-element-0d635b2\" data-id=\"0d635b2\" data-element_type=\"column\">\n\t\t\t<div class=\"elementor-widget-wrap elementor-element-populated\">\n\t\t\t\t\t\t<div class=\"elementor-element elementor-element-9e988de elementor-post-navigation-borders-yes elementor-widget elementor-widget-post-navigation\" data-id=\"9e988de\" data-element_type=\"widget\" data-widget_type=\"post-navigation.default\">\n\t\t\t\t<div class=\"elementor-widget-container\">\n\t\t\t\t\t\t\t<div class=\"elementor-post-navigation\" role=\"navigation\" aria-label=\"Navigazione dell&#039;articolo\">\n\t\t\t<div class=\"elementor-post-navigation__prev elementor-post-navigation__link\">\n\t\t\t\t<a href=\"https:\/\/www.bolzonelladivise.com\/it\/blog\/divise-da-ufficio-la-guida-completa-per-vestire-i-tuoi-dipendenti\/\" rel=\"prev\"><span class=\"post-navigation__arrow-wrapper post-navigation__arrow-prev\"><svg aria-hidden=\"true\" class=\"e-font-icon-svg e-fas-angle-left\" viewBox=\"0 0 256 512\" xmlns=\"http:\/\/www.w3.org\/2000\/svg\"><path d=\"M31.7 239l136-136c9.4-9.4 24.6-9.4 33.9 0l22.6 22.6c9.4 9.4 9.4 24.6 0 33.9L127.9 256l96.4 96.4c9.4 9.4 9.4 24.6 0 33.9L201.7 409c-9.4 9.4-24.6 9.4-33.9 0l-136-136c-9.5-9.4-9.5-24.6-.1-34z\"><\/path><\/svg><span class=\"elementor-screen-only\">Precedente<\/span><\/span><span class=\"elementor-post-navigation__link__prev\"><span class=\"post-navigation__prev--title\">Divise da ufficio: la guida completa per vestire i tuoi dipendenti<\/span><\/span><\/a>\t\t\t<\/div>\n\t\t\t\t\t\t\t<div class=\"elementor-post-navigation__separator-wrapper\">\n\t\t\t\t\t<div class=\"elementor-post-navigation__separator\"><\/div>\n\t\t\t\t<\/div>\n\t\t\t\t\t\t<div class=\"elementor-post-navigation__next elementor-post-navigation__link\">\n\t\t\t\t<a href=\"https:\/\/www.bolzonelladivise.com\/it\/blog\/mascherine-aziendali-in-tessuto-perche-preferirle-alle-usa-e-getta\/\" rel=\"next\"><span class=\"elementor-post-navigation__link__next\"><span class=\"post-navigation__next--title\">Mascherine aziendali in tessuto: perch\u00e9 preferirle alle usa e getta?<\/span><\/span><span class=\"post-navigation__arrow-wrapper post-navigation__arrow-next\"><svg aria-hidden=\"true\" class=\"e-font-icon-svg e-fas-angle-right\" viewBox=\"0 0 256 512\" xmlns=\"http:\/\/www.w3.org\/2000\/svg\"><path d=\"M224.3 273l-136 136c-9.4 9.4-24.6 9.4-33.9 0l-22.6-22.6c-9.4-9.4-9.4-24.6 0-33.9l96.4-96.4-96.4-96.4c-9.4-9.4-9.4-24.6 0-33.9L54.3 103c9.4-9.4 24.6-9.4 33.9 0l136 136c9.5 9.4 9.5 24.6.1 34z\"><\/path><\/svg><span class=\"elementor-screen-only\">Successivo<\/span><\/span><\/a>\t\t\t<\/div>\n\t\t<\/div>\n\t\t\t\t\t\t<\/div>\n\t\t\t\t<\/div>\n\t\t\t\t\t<\/div>\n\t\t<\/div>\n\t\t\t\t\t<\/div>\n\t\t<\/section>\n\t\t\t\t<\/div>\n\t\t","protected":false},"excerpt":{"rendered":"<p>In un ambiente di lusso \u00e8 essenziale che l\u2019abbigliamento del personale sia perfettamente coordinato e che sappia esprimere la storia e l\u2019eleganza che caratterizzano il luogo. Raggiungere questo obiettivo non \u00e8 certamente facile, soprattutto per chi lavora nell\u2019ambito della security.<\/p>\n","protected":false},"author":3,"featured_media":16163,"comment_status":"closed","ping_status":"closed","sticky":false,"template":"elementor_theme","format":"standard","meta":{"footnotes":""},"categories":[1632],"tags":[1644,1647,1637],"class_list":["post-16161","post","type-post","status-publish","format-standard","has-post-thumbnail","hentry","category-focus-professione","tag-case-study-divise-da-lavoro","tag-clienti-bolzonella-divise","tag-informazioni-divise-da-lavoro-vigilanza"],"yoast_head":"<!-- This site is optimized with the Yoast SEO plugin v26.8 - https:\/\/yoast.com\/product\/yoast-seo-wordpress\/ -->\n<title>Fondaco dei Tedeschi: divise moderne ed eleganti per la security<\/title>\n<meta name=\"description\" content=\"Bolzonella Divise \u00e8 stata selezionata per la creazione delle divise per la security di Fondaco dei Tedeschi. Ecco com&#039;\u00e8 andata.\" \/>\n<meta name=\"robots\" content=\"index, follow, max-snippet:-1, max-image-preview:large, max-video-preview:-1\" \/>\n<link rel=\"canonical\" href=\"https:\/\/www.bolzonelladivise.com\/it\/blog\/fondaco-dei-tedeschi-divise-moderne-ed-eleganti-per-la-security\/\" \/>\n<meta property=\"og:locale\" content=\"it_IT\" \/>\n<meta property=\"og:type\" content=\"article\" \/>\n<meta property=\"og:title\" content=\"Fondaco dei Tedeschi: divise moderne ed eleganti per la security\" \/>\n<meta property=\"og:description\" content=\"Bolzonella Divise \u00e8 stata selezionata per la creazione delle divise per la security di Fondaco dei Tedeschi. Ecco com&#039;\u00e8 andata.\" \/>\n<meta property=\"og:url\" content=\"https:\/\/www.bolzonelladivise.com\/it\/blog\/fondaco-dei-tedeschi-divise-moderne-ed-eleganti-per-la-security\/\" \/>\n<meta property=\"og:site_name\" content=\"Bolzonella Divise\" \/>\n<meta property=\"article:published_time\" content=\"2020-08-24T14:24:43+00:00\" \/>\n<meta property=\"article:modified_time\" content=\"2024-07-02T15:11:49+00:00\" \/>\n<meta property=\"og:image\" content=\"https:\/\/www.bolzonelladivise.com\/wp-content\/uploads\/fondaco-dei-tedeschi.jpg\" \/>\n\t<meta property=\"og:image:width\" content=\"1286\" \/>\n\t<meta property=\"og:image:height\" content=\"432\" \/>\n\t<meta property=\"og:image:type\" content=\"image\/jpeg\" \/>\n<meta name=\"author\" content=\"Cast\" \/>\n<meta name=\"twitter:card\" content=\"summary_large_image\" \/>\n<meta name=\"twitter:label1\" content=\"Scritto da\" \/>\n\t<meta name=\"twitter:data1\" content=\"Cast\" \/>\n\t<meta name=\"twitter:label2\" content=\"Tempo di lettura stimato\" \/>\n\t<meta name=\"twitter:data2\" content=\"8 minuti\" \/>\n<script type=\"application\/ld+json\" class=\"yoast-schema-graph\">{\"@context\":\"https:\/\/schema.org\",\"@graph\":[{\"@type\":\"Article\",\"@id\":\"https:\/\/www.bolzonelladivise.com\/it\/blog\/fondaco-dei-tedeschi-divise-moderne-ed-eleganti-per-la-security\/#article\",\"isPartOf\":{\"@id\":\"https:\/\/www.bolzonelladivise.com\/it\/blog\/fondaco-dei-tedeschi-divise-moderne-ed-eleganti-per-la-security\/\"},\"author\":{\"name\":\"Cast\",\"@id\":\"https:\/\/www.bolzonelladivise.com\/it\/#\/schema\/person\/dec87bb2da599f7bf7a61c5b1e60ca33\"},\"headline\":\"Fondaco dei Tedeschi: divise moderne ed eleganti per la security\",\"datePublished\":\"2020-08-24T14:24:43+00:00\",\"dateModified\":\"2024-07-02T15:11:49+00:00\",\"mainEntityOfPage\":{\"@id\":\"https:\/\/www.bolzonelladivise.com\/it\/blog\/fondaco-dei-tedeschi-divise-moderne-ed-eleganti-per-la-security\/\"},\"wordCount\":1319,\"image\":{\"@id\":\"https:\/\/www.bolzonelladivise.com\/it\/blog\/fondaco-dei-tedeschi-divise-moderne-ed-eleganti-per-la-security\/#primaryimage\"},\"thumbnailUrl\":\"https:\/\/www.bolzonelladivise.com\/wp-content\/uploads\/fondaco-dei-tedeschi.jpg\",\"keywords\":[\"case study\",\"clienti Bolzonella Divise\",\"divise vigilanza\"],\"articleSection\":[\"Focus Professione\"],\"inLanguage\":\"it-IT\"},{\"@type\":\"WebPage\",\"@id\":\"https:\/\/www.bolzonelladivise.com\/it\/blog\/fondaco-dei-tedeschi-divise-moderne-ed-eleganti-per-la-security\/\",\"url\":\"https:\/\/www.bolzonelladivise.com\/it\/blog\/fondaco-dei-tedeschi-divise-moderne-ed-eleganti-per-la-security\/\",\"name\":\"Fondaco dei Tedeschi: divise moderne ed eleganti per la security\",\"isPartOf\":{\"@id\":\"https:\/\/www.bolzonelladivise.com\/it\/#website\"},\"primaryImageOfPage\":{\"@id\":\"https:\/\/www.bolzonelladivise.com\/it\/blog\/fondaco-dei-tedeschi-divise-moderne-ed-eleganti-per-la-security\/#primaryimage\"},\"image\":{\"@id\":\"https:\/\/www.bolzonelladivise.com\/it\/blog\/fondaco-dei-tedeschi-divise-moderne-ed-eleganti-per-la-security\/#primaryimage\"},\"thumbnailUrl\":\"https:\/\/www.bolzonelladivise.com\/wp-content\/uploads\/fondaco-dei-tedeschi.jpg\",\"datePublished\":\"2020-08-24T14:24:43+00:00\",\"dateModified\":\"2024-07-02T15:11:49+00:00\",\"author\":{\"@id\":\"https:\/\/www.bolzonelladivise.com\/it\/#\/schema\/person\/dec87bb2da599f7bf7a61c5b1e60ca33\"},\"description\":\"Bolzonella Divise \u00e8 stata selezionata per la creazione delle divise per la security di Fondaco dei Tedeschi. Ecco com'\u00e8 andata.\",\"breadcrumb\":{\"@id\":\"https:\/\/www.bolzonelladivise.com\/it\/blog\/fondaco-dei-tedeschi-divise-moderne-ed-eleganti-per-la-security\/#breadcrumb\"},\"inLanguage\":\"it-IT\",\"potentialAction\":[{\"@type\":\"ReadAction\",\"target\":[\"https:\/\/www.bolzonelladivise.com\/it\/blog\/fondaco-dei-tedeschi-divise-moderne-ed-eleganti-per-la-security\/\"]}]},{\"@type\":\"ImageObject\",\"inLanguage\":\"it-IT\",\"@id\":\"https:\/\/www.bolzonelladivise.com\/it\/blog\/fondaco-dei-tedeschi-divise-moderne-ed-eleganti-per-la-security\/#primaryimage\",\"url\":\"https:\/\/www.bolzonelladivise.com\/wp-content\/uploads\/fondaco-dei-tedeschi.jpg\",\"contentUrl\":\"https:\/\/www.bolzonelladivise.com\/wp-content\/uploads\/fondaco-dei-tedeschi.jpg\",\"width\":1286,\"height\":432},{\"@type\":\"BreadcrumbList\",\"@id\":\"https:\/\/www.bolzonelladivise.com\/it\/blog\/fondaco-dei-tedeschi-divise-moderne-ed-eleganti-per-la-security\/#breadcrumb\",\"itemListElement\":[{\"@type\":\"ListItem\",\"position\":1,\"name\":\"Home\",\"item\":\"https:\/\/www.bolzonelladivise.com\/it\/\"},{\"@type\":\"ListItem\",\"position\":2,\"name\":\"Fondaco dei Tedeschi: divise moderne ed eleganti per la security\"}]},{\"@type\":\"WebSite\",\"@id\":\"https:\/\/www.bolzonelladivise.com\/it\/#website\",\"url\":\"https:\/\/www.bolzonelladivise.com\/it\/\",\"name\":\"Bolzonella Divise\",\"description\":\"Under Construction\",\"potentialAction\":[{\"@type\":\"SearchAction\",\"target\":{\"@type\":\"EntryPoint\",\"urlTemplate\":\"https:\/\/www.bolzonelladivise.com\/it\/?s={search_term_string}\"},\"query-input\":{\"@type\":\"PropertyValueSpecification\",\"valueRequired\":true,\"valueName\":\"search_term_string\"}}],\"inLanguage\":\"it-IT\"},{\"@type\":\"Person\",\"@id\":\"https:\/\/www.bolzonelladivise.com\/it\/#\/schema\/person\/dec87bb2da599f7bf7a61c5b1e60ca33\",\"name\":\"Cast\",\"image\":{\"@type\":\"ImageObject\",\"inLanguage\":\"it-IT\",\"@id\":\"https:\/\/www.bolzonelladivise.com\/it\/#\/schema\/person\/image\/\",\"url\":\"https:\/\/secure.gravatar.com\/avatar\/a9a949f5714b63bab553a7bca86d170030aa5f14de625881327388a5e2a4797d?s=96&d=mm&r=g\",\"contentUrl\":\"https:\/\/secure.gravatar.com\/avatar\/a9a949f5714b63bab553a7bca86d170030aa5f14de625881327388a5e2a4797d?s=96&d=mm&r=g\",\"caption\":\"Cast\"},\"url\":\"https:\/\/www.bolzonelladivise.com\/it\/author\/cast-bolzonella\/\"}]}<\/script>\n<!-- \/ Yoast SEO plugin. -->","yoast_head_json":{"title":"Fondaco dei Tedeschi: divise moderne ed eleganti per la security","description":"Bolzonella Divise \u00e8 stata selezionata per la creazione delle divise per la security di Fondaco dei Tedeschi. Ecco com'\u00e8 andata.","robots":{"index":"index","follow":"follow","max-snippet":"max-snippet:-1","max-image-preview":"max-image-preview:large","max-video-preview":"max-video-preview:-1"},"canonical":"https:\/\/www.bolzonelladivise.com\/it\/blog\/fondaco-dei-tedeschi-divise-moderne-ed-eleganti-per-la-security\/","og_locale":"it_IT","og_type":"article","og_title":"Fondaco dei Tedeschi: divise moderne ed eleganti per la security","og_description":"Bolzonella Divise \u00e8 stata selezionata per la creazione delle divise per la security di Fondaco dei Tedeschi. Ecco com'\u00e8 andata.","og_url":"https:\/\/www.bolzonelladivise.com\/it\/blog\/fondaco-dei-tedeschi-divise-moderne-ed-eleganti-per-la-security\/","og_site_name":"Bolzonella Divise","article_published_time":"2020-08-24T14:24:43+00:00","article_modified_time":"2024-07-02T15:11:49+00:00","og_image":[{"width":1286,"height":432,"url":"https:\/\/www.bolzonelladivise.com\/wp-content\/uploads\/fondaco-dei-tedeschi.jpg","type":"image\/jpeg"}],"author":"Cast","twitter_card":"summary_large_image","twitter_misc":{"Scritto da":"Cast","Tempo di lettura stimato":"8 minuti"},"schema":{"@context":"https:\/\/schema.org","@graph":[{"@type":"Article","@id":"https:\/\/www.bolzonelladivise.com\/it\/blog\/fondaco-dei-tedeschi-divise-moderne-ed-eleganti-per-la-security\/#article","isPartOf":{"@id":"https:\/\/www.bolzonelladivise.com\/it\/blog\/fondaco-dei-tedeschi-divise-moderne-ed-eleganti-per-la-security\/"},"author":{"name":"Cast","@id":"https:\/\/www.bolzonelladivise.com\/it\/#\/schema\/person\/dec87bb2da599f7bf7a61c5b1e60ca33"},"headline":"Fondaco dei Tedeschi: divise moderne ed eleganti per la security","datePublished":"2020-08-24T14:24:43+00:00","dateModified":"2024-07-02T15:11:49+00:00","mainEntityOfPage":{"@id":"https:\/\/www.bolzonelladivise.com\/it\/blog\/fondaco-dei-tedeschi-divise-moderne-ed-eleganti-per-la-security\/"},"wordCount":1319,"image":{"@id":"https:\/\/www.bolzonelladivise.com\/it\/blog\/fondaco-dei-tedeschi-divise-moderne-ed-eleganti-per-la-security\/#primaryimage"},"thumbnailUrl":"https:\/\/www.bolzonelladivise.com\/wp-content\/uploads\/fondaco-dei-tedeschi.jpg","keywords":["case study","clienti Bolzonella Divise","divise vigilanza"],"articleSection":["Focus Professione"],"inLanguage":"it-IT"},{"@type":"WebPage","@id":"https:\/\/www.bolzonelladivise.com\/it\/blog\/fondaco-dei-tedeschi-divise-moderne-ed-eleganti-per-la-security\/","url":"https:\/\/www.bolzonelladivise.com\/it\/blog\/fondaco-dei-tedeschi-divise-moderne-ed-eleganti-per-la-security\/","name":"Fondaco dei Tedeschi: divise moderne ed eleganti per la security","isPartOf":{"@id":"https:\/\/www.bolzonelladivise.com\/it\/#website"},"primaryImageOfPage":{"@id":"https:\/\/www.bolzonelladivise.com\/it\/blog\/fondaco-dei-tedeschi-divise-moderne-ed-eleganti-per-la-security\/#primaryimage"},"image":{"@id":"https:\/\/www.bolzonelladivise.com\/it\/blog\/fondaco-dei-tedeschi-divise-moderne-ed-eleganti-per-la-security\/#primaryimage"},"thumbnailUrl":"https:\/\/www.bolzonelladivise.com\/wp-content\/uploads\/fondaco-dei-tedeschi.jpg","datePublished":"2020-08-24T14:24:43+00:00","dateModified":"2024-07-02T15:11:49+00:00","author":{"@id":"https:\/\/www.bolzonelladivise.com\/it\/#\/schema\/person\/dec87bb2da599f7bf7a61c5b1e60ca33"},"description":"Bolzonella Divise \u00e8 stata selezionata per la creazione delle divise per la security di Fondaco dei Tedeschi. Ecco com'\u00e8 andata.","breadcrumb":{"@id":"https:\/\/www.bolzonelladivise.com\/it\/blog\/fondaco-dei-tedeschi-divise-moderne-ed-eleganti-per-la-security\/#breadcrumb"},"inLanguage":"it-IT","potentialAction":[{"@type":"ReadAction","target":["https:\/\/www.bolzonelladivise.com\/it\/blog\/fondaco-dei-tedeschi-divise-moderne-ed-eleganti-per-la-security\/"]}]},{"@type":"ImageObject","inLanguage":"it-IT","@id":"https:\/\/www.bolzonelladivise.com\/it\/blog\/fondaco-dei-tedeschi-divise-moderne-ed-eleganti-per-la-security\/#primaryimage","url":"https:\/\/www.bolzonelladivise.com\/wp-content\/uploads\/fondaco-dei-tedeschi.jpg","contentUrl":"https:\/\/www.bolzonelladivise.com\/wp-content\/uploads\/fondaco-dei-tedeschi.jpg","width":1286,"height":432},{"@type":"BreadcrumbList","@id":"https:\/\/www.bolzonelladivise.com\/it\/blog\/fondaco-dei-tedeschi-divise-moderne-ed-eleganti-per-la-security\/#breadcrumb","itemListElement":[{"@type":"ListItem","position":1,"name":"Home","item":"https:\/\/www.bolzonelladivise.com\/it\/"},{"@type":"ListItem","position":2,"name":"Fondaco dei Tedeschi: divise moderne ed eleganti per la security"}]},{"@type":"WebSite","@id":"https:\/\/www.bolzonelladivise.com\/it\/#website","url":"https:\/\/www.bolzonelladivise.com\/it\/","name":"Bolzonella Divise","description":"Under Construction","potentialAction":[{"@type":"SearchAction","target":{"@type":"EntryPoint","urlTemplate":"https:\/\/www.bolzonelladivise.com\/it\/?s={search_term_string}"},"query-input":{"@type":"PropertyValueSpecification","valueRequired":true,"valueName":"search_term_string"}}],"inLanguage":"it-IT"},{"@type":"Person","@id":"https:\/\/www.bolzonelladivise.com\/it\/#\/schema\/person\/dec87bb2da599f7bf7a61c5b1e60ca33","name":"Cast","image":{"@type":"ImageObject","inLanguage":"it-IT","@id":"https:\/\/www.bolzonelladivise.com\/it\/#\/schema\/person\/image\/","url":"https:\/\/secure.gravatar.com\/avatar\/a9a949f5714b63bab553a7bca86d170030aa5f14de625881327388a5e2a4797d?s=96&d=mm&r=g","contentUrl":"https:\/\/secure.gravatar.com\/avatar\/a9a949f5714b63bab553a7bca86d170030aa5f14de625881327388a5e2a4797d?s=96&d=mm&r=g","caption":"Cast"},"url":"https:\/\/www.bolzonelladivise.com\/it\/author\/cast-bolzonella\/"}]}},"_links":{"self":[{"href":"https:\/\/www.bolzonelladivise.com\/it\/wp-json\/wp\/v2\/posts\/16161","targetHints":{"allow":["GET"]}}],"collection":[{"href":"https:\/\/www.bolzonelladivise.com\/it\/wp-json\/wp\/v2\/posts"}],"about":[{"href":"https:\/\/www.bolzonelladivise.com\/it\/wp-json\/wp\/v2\/types\/post"}],"author":[{"embeddable":true,"href":"https:\/\/www.bolzonelladivise.com\/it\/wp-json\/wp\/v2\/users\/3"}],"replies":[{"embeddable":true,"href":"https:\/\/www.bolzonelladivise.com\/it\/wp-json\/wp\/v2\/comments?post=16161"}],"version-history":[{"count":0,"href":"https:\/\/www.bolzonelladivise.com\/it\/wp-json\/wp\/v2\/posts\/16161\/revisions"}],"wp:featuredmedia":[{"embeddable":true,"href":"https:\/\/www.bolzonelladivise.com\/it\/wp-json\/wp\/v2\/media\/16163"}],"wp:attachment":[{"href":"https:\/\/www.bolzonelladivise.com\/it\/wp-json\/wp\/v2\/media?parent=16161"}],"wp:term":[{"taxonomy":"category","embeddable":true,"href":"https:\/\/www.bolzonelladivise.com\/it\/wp-json\/wp\/v2\/categories?post=16161"},{"taxonomy":"post_tag","embeddable":true,"href":"https:\/\/www.bolzonelladivise.com\/it\/wp-json\/wp\/v2\/tags?post=16161"}],"curies":[{"name":"wp","href":"https:\/\/api.w.org\/{rel}","templated":true}]}}